{"id":900,"date":"2007-05-25T00:00:59","date_gmt":"2007-05-25T00:00:59","guid":{"rendered":"http:\/\/junjan.org\/wordpress\/?p=900"},"modified":"2007-05-25T00:00:59","modified_gmt":"2007-05-25T00:00:59","slug":"en_una_tombola","status":"publish","type":"post","link":"https:\/\/junjan.org\/wordpress\/2007\/05\/en_una_tombola\/","title":{"rendered":"En una t\u00f3mbola"},"content":{"rendered":"<p>Lo peor no es que un m\u00e9dico viva en el tercera galaxia y escriba un libro sobre el coma imaginario de un personaje literario de existencia desconocida y no avalada por los hechos. Peor a\u00fan que lo haga bas\u00e1ndose en el estudio de un trapo que se ha datado como medieval, no. Hay cosas peores. Lo peor es que la prensa se haga eco y se lo tome en serio y [\u00abdigan\u00bb:http:\/\/www.elmundo.es\/elmundo\/2007\/05\/24\/ciencia\/1179992669.html]:<\/p>\n<blockquote><p>Este investigador, experto en an\u00e1lisis de ADN, defiende la tesis de que Jes\u00fas no muri\u00f3 en la cruz, sino que sufri\u00f3 un coma superficial, o muerte aparente, por lo que fue dado por muerto por los soldados romanos<\/p><\/blockquote>\n<p>Hay gente que parece que le han dado el t\u00edtulo en una t\u00f3mbola. Mira, yo voy a hacer lo mismo, como experto en an\u00e1lisis de ADN (como demuestra mi curriculum) me atrevo a afirmar que la s\u00e1bana en realidad envolvi\u00f3 a un individuo del siglo XIII que era propenso a las hemorragias indiscriminadas, que ten\u00eda problemas de hiper-sudoraci\u00f3n y aerofagia, y que adem\u00e1s era un poco guarro. La s\u00e1bana se conservo por una apuesta para guardar como herencia familiar la tela m\u00e1s sucia que se encontrara, y tras secarla al sol, conservarla para la posteridad junto al ajuar de la abuela. \u00bfA que mola?<\/p>\n","protected":false},"excerpt":{"rendered":"<p>Lo peor no es que un m\u00e9dico viva en el tercera galaxia y escriba un libro sobre el coma imaginario de un personaje literario de existencia desconocida y no avalada por los hechos. Peor a\u00fan que lo haga bas\u00e1ndose en el estudio de un trapo que se ha datado como medieval, no. Hay cosas peores.&hellip;&nbsp;<a href=\"https:\/\/junjan.org\/wordpress\/2007\/05\/en_una_tombola\/\" rel=\"bookmark\">Leer m\u00e1s &raquo;<span class=\"screen-reader-text\">En una t\u00f3mbola<\/span><\/a><\/p>\n","protected":false},"author":1,"featured_media":0,"comment_status":"open","ping_status":"open","sticky":false,"template":"","format":"standard","meta":{"neve_meta_sidebar":"","neve_meta_container":"","neve_meta_enable_content_width":"","neve_meta_content_width":0,"neve_meta_title_alignment":"","neve_meta_author_avatar":"","neve_post_elements_order":"","neve_meta_disable_header":"","neve_meta_disable_footer":"","neve_meta_disable_title":"","footnotes":""},"categories":[84],"tags":[325],"class_list":["post-900","post","type-post","status-publish","format-standard","hentry","category-divagaciones","tag-jesucristo-mito-sabana-santa"],"_links":{"self":[{"href":"https:\/\/junjan.org\/wordpress\/wp-json\/wp\/v2\/posts\/900","targetHints":{"allow":["GET"]}}],"collection":[{"href":"https:\/\/junjan.org\/wordpress\/wp-json\/wp\/v2\/posts"}],"about":[{"href":"https:\/\/junjan.org\/wordpress\/wp-json\/wp\/v2\/types\/post"}],"author":[{"embeddable":true,"href":"https:\/\/junjan.org\/wordpress\/wp-json\/wp\/v2\/users\/1"}],"replies":[{"embeddable":true,"href":"https:\/\/junjan.org\/wordpress\/wp-json\/wp\/v2\/comments?post=900"}],"version-history":[{"count":0,"href":"https:\/\/junjan.org\/wordpress\/wp-json\/wp\/v2\/posts\/900\/revisions"}],"wp:attachment":[{"href":"https:\/\/junjan.org\/wordpress\/wp-json\/wp\/v2\/media?parent=900"}],"wp:term":[{"taxonomy":"category","embeddable":true,"href":"https:\/\/junjan.org\/wordpress\/wp-json\/wp\/v2\/categories?post=900"},{"taxonomy":"post_tag","embeddable":true,"href":"https:\/\/junjan.org\/wordpress\/wp-json\/wp\/v2\/tags?post=900"}],"curies":[{"name":"wp","href":"https:\/\/api.w.org\/{rel}","templated":true}]}}