{"id":903,"date":"2007-06-02T16:34:26","date_gmt":"2007-06-02T16:34:26","guid":{"rendered":"http:\/\/junjan.org\/wordpress\/?p=903"},"modified":"2007-06-02T16:34:26","modified_gmt":"2007-06-02T16:34:26","slug":"laicidad_mal_entendida","status":"publish","type":"post","link":"https:\/\/junjan.org\/wordpress\/2007\/06\/laicidad_mal_entendida\/","title":{"rendered":"Laicidad mal entendida"},"content":{"rendered":"<p>Leo con mucho retraso que nuestro insigne gobierno ha extendido a las Iglesias evang\u00e9licas y protestantes el privilegio de poderse financiar directamente desde la declaraci\u00f3n del IRPF. As\u00ed los contribuyentes que lo deseen pueden destinar el 0,7% de sus impuestos a las sagradas arcas cat\u00f3licas o protestantes.<br \/>\nUno de los responsables de esta claudicaci\u00f3n del estado laico, el ministro de Justicia Mariano Bermejo, adem\u00e1s presidente de la Fundaci\u00f3n Pluralismo y Convivencia (que financia a las religiones minoritarias) dice que la fundaci\u00f3n <em>\u00abno tiene como objetivo financiar actividades de culto de ninguna confesi\u00f3n religiosa, y s\u00ed servir de instrumento de desarrollo y arraigo de la pluralidad en un Estado laico y aconfesional\u00bb. <\/em><br \/>\nPara variar confundimos el culo con las t\u00e9mporas. En vez de reducir la financiaci\u00f3n del Estado a las religiones se a\u00f1aden otras (y se prometen muchas m\u00e1s) en aras de la \u00abpluralidad y laicidad\u00bb del estado.<br \/>\nPero, \u00bfen qu\u00e9 consiste la laicidad del estado? Parece que los pr\u00f3ceres del estado creen que consiste en favorecer a todas las religiones por igual y que todos mamen de la teta con igual acceso a la ubre m\u00e1s gorda. Pues no, siento decirle se\u00f1or ministro que un estado laico no tiene que velar por la salud de todas las religiones sino hacer que a ninguno de sus ciudadanos se le imponga ejercer una determinada creencia religiosa, manteniendo  adem\u00e1s una actitud cr\u00edtica ante las falacias de las distintas religiones. El estado debe, como dice Carlo Augusto Viano <strong>\u00abdesenmascarar las imposturas del clero y en general de los profetas religiosos y en la que se provee a los ciudadanos de instrumentos para emanciparse de las ense\u00f1anzas religiosas\u00bb<\/strong>. Claro est\u00e1 que esto se hace mucho m\u00e1s dif\u00edcil, sino imposible, si nos dedicamos a financiar alegremente iglesias y escuelas religiosas de todo tipo.<br \/>\nSe aseguran beneficios fiscales a las creencias de \u00abnotorio arraigo\u00bb para promover la \u00abdiversidad cultural\u00bb. Pero qu\u00e9 puta man\u00eda de clasificar las culturas por la supuestas religiones que profesan las personas que las componen. \u00bfQu\u00e9 pasa con todos los que no profesamos religi\u00f3n alguna aunque tengamos distintas \u00abidentidades culturales? \u00bfPara cu\u00e1ndo potenciar el multiculturalismo laico?<\/p>\n","protected":false},"excerpt":{"rendered":"<p>Leo con mucho retraso que nuestro insigne gobierno ha extendido a las Iglesias evang\u00e9licas y protestantes el privilegio de poderse financiar directamente desde la declaraci\u00f3n del IRPF. As\u00ed los contribuyentes que lo deseen pueden destinar el 0,7% de sus impuestos a las sagradas arcas cat\u00f3licas o protestantes. Uno de los responsables de esta claudicaci\u00f3n del&hellip;&nbsp;<a href=\"https:\/\/junjan.org\/wordpress\/2007\/06\/laicidad_mal_entendida\/\" rel=\"bookmark\">Leer m\u00e1s &raquo;<span class=\"screen-reader-text\">Laicidad mal entendida<\/span><\/a><\/p>\n","protected":false},"author":1,"featured_media":0,"comment_status":"open","ping_status":"open","sticky":false,"template":"","format":"standard","meta":{"neve_meta_sidebar":"","neve_meta_container":"","neve_meta_enable_content_width":"","neve_meta_content_width":0,"neve_meta_title_alignment":"","neve_meta_author_avatar":"","neve_post_elements_order":"","neve_meta_disable_header":"","neve_meta_disable_footer":"","neve_meta_disable_title":"","footnotes":""},"categories":[84],"tags":[328],"class_list":["post-903","post","type-post","status-publish","format-standard","hentry","category-divagaciones","tag-laicidad-laicismo-religion"],"_links":{"self":[{"href":"https:\/\/junjan.org\/wordpress\/wp-json\/wp\/v2\/posts\/903","targetHints":{"allow":["GET"]}}],"collection":[{"href":"https:\/\/junjan.org\/wordpress\/wp-json\/wp\/v2\/posts"}],"about":[{"href":"https:\/\/junjan.org\/wordpress\/wp-json\/wp\/v2\/types\/post"}],"author":[{"embeddable":true,"href":"https:\/\/junjan.org\/wordpress\/wp-json\/wp\/v2\/users\/1"}],"replies":[{"embeddable":true,"href":"https:\/\/junjan.org\/wordpress\/wp-json\/wp\/v2\/comments?post=903"}],"version-history":[{"count":0,"href":"https:\/\/junjan.org\/wordpress\/wp-json\/wp\/v2\/posts\/903\/revisions"}],"wp:attachment":[{"href":"https:\/\/junjan.org\/wordpress\/wp-json\/wp\/v2\/media?parent=903"}],"wp:term":[{"taxonomy":"category","embeddable":true,"href":"https:\/\/junjan.org\/wordpress\/wp-json\/wp\/v2\/categories?post=903"},{"taxonomy":"post_tag","embeddable":true,"href":"https:\/\/junjan.org\/wordpress\/wp-json\/wp\/v2\/tags?post=903"}],"curies":[{"name":"wp","href":"https:\/\/api.w.org\/{rel}","templated":true}]}}