{"id":904,"date":"2007-06-02T22:13:59","date_gmt":"2007-06-02T22:13:59","guid":{"rendered":"http:\/\/junjan.org\/wordpress\/?p=904"},"modified":"2011-06-24T10:47:21","modified_gmt":"2011-06-24T08:47:21","slug":"rouco_me_pone_enfermo","status":"publish","type":"post","link":"https:\/\/junjan.org\/wordpress\/2007\/06\/rouco_me_pone_enfermo\/","title":{"rendered":"Rouco me pone enfermo"},"content":{"rendered":"<blockquote><p>\u00abMe pone francamente enfermo y ya estoy cansado de los predicadores que abundan en este pa\u00eds dici\u00e9ndome que como ciudadano, si quiero ser una persona moral, debo creer en A, B, C, y D. \u00bfQui\u00e9n se han cre\u00eddo que son? \u00bfY de d\u00f3nde se sacan el derecho a dictarme sus creencias morales a m\u00ed?\u00bb<br \/>\n&#8211;Palabras del senador estadounidense Barry Goldwater, citado por Fernando Savater en su \u00faltimo libro, \u00abLa vida eterna\u00bb.&#8211;<\/p><\/blockquote>\n<p>Dice Rouco Varela, ese predicador que tiene la virtud de producirme retortijones intestinales incontenibles cuando leo su mero nombre, que la asignatura de \u00abEducaci\u00f3n para la ciudadan\u00eda\u00bb es una asignatura impuesta que choca con el derecho de libertad religiosa. A\u00f1ade que:<\/p>\n<blockquote><p>\u00abMenos a\u00fan puede permitirse el Estado sub-introducir a trav\u00e9s de los presupuestos antropol\u00f3gicos expl\u00edcitos e impl\u00edcitos de dicha asignatura una concepci\u00f3n del hombre, de la vida y del mundo que equivalga a una doctrina o ideolog\u00eda obligatoria que venga de hecho a competir con la formaci\u00f3n religiosa elegida libremente o a suplantarla subrepticiamente.\u00bb<\/p><\/blockquote>\n<p>Siento repetirme, pero este venerable pollino confunde los conceptos. Espa\u00f1a es un estado aconfesional, que seg\u00fan el Tribunal Constitucional es sin\u00f3nimo de laicidad, donde el estado permite la libertad religiosa, pero debe ser neutro y no fomentar ninguna religi\u00f3n. Por lo tanto el estado, en cuanto organizador de la ense\u00f1anza, no puede dar ninguna formaci\u00f3n religiosa ya que es laico, y como estado democr\u00e1tico, l\u00f3gicamente, debe ense\u00f1ar valores c\u00edvicos y democr\u00e1ticos. Idealmente, una ense\u00f1anza que promueva el pensamiento cr\u00edtico y la autonom\u00eda intelectual para sus ciudadanos.<br \/>\nConceptos todos ellos que producen alergia entre los nost\u00e1lgicos de la teocracia medieval, que le vamos a hacer. No es que ense\u00f1arlos choque contra la libertad religiosa, ni mucho menos, pero si son asimilados pone muy dif\u00edcil la ense\u00f1anza de dogmas y normas de conducta anacr\u00f3nicos.<\/p>\n","protected":false},"excerpt":{"rendered":"<p>\u00abMe pone francamente enfermo y ya estoy cansado de los predicadores que abundan en este pa\u00eds dici\u00e9ndome que como ciudadano, si quiero ser una persona moral, debo creer en A, B, C, y D. \u00bfQui\u00e9n se han cre\u00eddo que son? \u00bfY de d\u00f3nde se sacan el derecho a dictarme sus creencias morales a m\u00ed?\u00bb &#8211;Palabras&hellip;&nbsp;<a href=\"https:\/\/junjan.org\/wordpress\/2007\/06\/rouco_me_pone_enfermo\/\" rel=\"bookmark\">Leer m\u00e1s &raquo;<span class=\"screen-reader-text\">Rouco me pone enfermo<\/span><\/a><\/p>\n","protected":false},"author":1,"featured_media":0,"comment_status":"open","ping_status":"open","sticky":false,"template":"","format":"standard","meta":{"neve_meta_sidebar":"","neve_meta_container":"","neve_meta_enable_content_width":"","neve_meta_content_width":0,"neve_meta_title_alignment":"","neve_meta_author_avatar":"","neve_post_elements_order":"","neve_meta_disable_header":"","neve_meta_disable_footer":"","neve_meta_disable_title":"","footnotes":""},"categories":[5],"tags":[490,517,484,704],"class_list":["post-904","post","type-post","status-publish","format-standard","hentry","category-actualidad","tag-iglesia","tag-laicismo","tag-religion","tag-rouco"],"_links":{"self":[{"href":"https:\/\/junjan.org\/wordpress\/wp-json\/wp\/v2\/posts\/904","targetHints":{"allow":["GET"]}}],"collection":[{"href":"https:\/\/junjan.org\/wordpress\/wp-json\/wp\/v2\/posts"}],"about":[{"href":"https:\/\/junjan.org\/wordpress\/wp-json\/wp\/v2\/types\/post"}],"author":[{"embeddable":true,"href":"https:\/\/junjan.org\/wordpress\/wp-json\/wp\/v2\/users\/1"}],"replies":[{"embeddable":true,"href":"https:\/\/junjan.org\/wordpress\/wp-json\/wp\/v2\/comments?post=904"}],"version-history":[{"count":1,"href":"https:\/\/junjan.org\/wordpress\/wp-json\/wp\/v2\/posts\/904\/revisions"}],"predecessor-version":[{"id":1698,"href":"https:\/\/junjan.org\/wordpress\/wp-json\/wp\/v2\/posts\/904\/revisions\/1698"}],"wp:attachment":[{"href":"https:\/\/junjan.org\/wordpress\/wp-json\/wp\/v2\/media?parent=904"}],"wp:term":[{"taxonomy":"category","embeddable":true,"href":"https:\/\/junjan.org\/wordpress\/wp-json\/wp\/v2\/categories?post=904"},{"taxonomy":"post_tag","embeddable":true,"href":"https:\/\/junjan.org\/wordpress\/wp-json\/wp\/v2\/tags?post=904"}],"curies":[{"name":"wp","href":"https:\/\/api.w.org\/{rel}","templated":true}]}}