{"id":907,"date":"2007-06-05T00:46:58","date_gmt":"2007-06-05T00:46:58","guid":{"rendered":"http:\/\/junjan.org\/wordpress\/?p=907"},"modified":"2012-09-11T19:49:58","modified_gmt":"2012-09-11T17:49:58","slug":"pobres_deportistas","status":"publish","type":"post","link":"https:\/\/junjan.org\/wordpress\/2007\/06\/pobres_deportistas\/","title":{"rendered":"Pobres deportistas"},"content":{"rendered":"<p>Apesadumbrado porque nuestros deportistas no pueden emular a sus hom\u00f3nimos brit\u00e1nicos y cantar el himno nacional a pleno pulm\u00f3n y abochornados porque a falta de c\u00e1nticos dedican el minuto del himno a sacarse mocos, atusarse el pelo o rascarse el culo en directo frente a las c\u00e1maras, el COE no lo ha resistido m\u00e1s. \u00a1Quieren un himno cantable!<br \/>\nRajoy, \u00ab<a href=\"http:\/\/www.20minutos.es\/noticia\/242980\/0\/rajoy\/himno\/nacional\/\" target=\"_blank\">ese pr\u00f3cer de la patria<\/a>\u00ab, sensible a tan justa petici\u00f3n, ha decicido apoyar y promover este cambio transcendental que har\u00e1 por fin que Espa\u00f1a sea un pa\u00eds de primera fila. Si los malditos progres no consiguen sabotear esta iniciativa, una comisi\u00f3n formada por m\u00fasicos de primera se pondr\u00e1 a trabajar en ello.<br \/>\nQuiero poner mi granito de arena y sugerir que la comisi\u00f3n est\u00e9 formada por los ganadores de los diversos concursos televisivos que nutren nuestra patria de talentos: Operaci\u00f3n Triunfo, Misi\u00f3n Eurovisi\u00f3n, Factor X y Lluvia de Estrellas. O a\u00fan mejor, \u00a1he visto la luz! Propongo que Carmen Sevilla presente un nuevo programa de TVE1, <em>\u00abCamino al Himno\u00bb<\/em>, donde representantes de las bandas municipales de los pueblos de toda Espa\u00f1a compitan por llevar su versi\u00f3n de la letra de Pem\u00e1n a la final, teniendo que pasar por divertidas pruebas musicales y f\u00edsicas con vaquillas y cuca\u00f1as.<\/p>\n","protected":false},"excerpt":{"rendered":"<p>Apesadumbrado porque nuestros deportistas no pueden emular a sus hom\u00f3nimos brit\u00e1nicos y cantar el himno nacional a pleno pulm\u00f3n y abochornados porque a falta de c\u00e1nticos dedican el minuto del himno a sacarse mocos, atusarse el pelo o rascarse el culo en directo frente a las c\u00e1maras, el COE no lo ha resistido m\u00e1s. \u00a1Quieren&hellip;&nbsp;<a href=\"https:\/\/junjan.org\/wordpress\/2007\/06\/pobres_deportistas\/\" rel=\"bookmark\">Leer m\u00e1s &raquo;<span class=\"screen-reader-text\">Pobres deportistas<\/span><\/a><\/p>\n","protected":false},"author":1,"featured_media":0,"comment_status":"open","ping_status":"open","sticky":false,"template":"","format":"standard","meta":{"neve_meta_sidebar":"","neve_meta_container":"","neve_meta_enable_content_width":"","neve_meta_content_width":0,"neve_meta_title_alignment":"","neve_meta_author_avatar":"","neve_post_elements_order":"","neve_meta_disable_header":"","neve_meta_disable_footer":"","neve_meta_disable_title":"","footnotes":""},"categories":[84],"tags":[588,903,648],"class_list":["post-907","post","type-post","status-publish","format-standard","hentry","category-divagaciones","tag-espana","tag-patriotismo","tag-rajoy"],"_links":{"self":[{"href":"https:\/\/junjan.org\/wordpress\/wp-json\/wp\/v2\/posts\/907","targetHints":{"allow":["GET"]}}],"collection":[{"href":"https:\/\/junjan.org\/wordpress\/wp-json\/wp\/v2\/posts"}],"about":[{"href":"https:\/\/junjan.org\/wordpress\/wp-json\/wp\/v2\/types\/post"}],"author":[{"embeddable":true,"href":"https:\/\/junjan.org\/wordpress\/wp-json\/wp\/v2\/users\/1"}],"replies":[{"embeddable":true,"href":"https:\/\/junjan.org\/wordpress\/wp-json\/wp\/v2\/comments?post=907"}],"version-history":[{"count":2,"href":"https:\/\/junjan.org\/wordpress\/wp-json\/wp\/v2\/posts\/907\/revisions"}],"predecessor-version":[{"id":2210,"href":"https:\/\/junjan.org\/wordpress\/wp-json\/wp\/v2\/posts\/907\/revisions\/2210"}],"wp:attachment":[{"href":"https:\/\/junjan.org\/wordpress\/wp-json\/wp\/v2\/media?parent=907"}],"wp:term":[{"taxonomy":"category","embeddable":true,"href":"https:\/\/junjan.org\/wordpress\/wp-json\/wp\/v2\/categories?post=907"},{"taxonomy":"post_tag","embeddable":true,"href":"https:\/\/junjan.org\/wordpress\/wp-json\/wp\/v2\/tags?post=907"}],"curies":[{"name":"wp","href":"https:\/\/api.w.org\/{rel}","templated":true}]}}