{"id":908,"date":"2007-06-08T00:27:50","date_gmt":"2007-06-08T00:27:50","guid":{"rendered":"http:\/\/junjan.org\/wordpress\/?p=908"},"modified":"2007-06-08T00:27:50","modified_gmt":"2007-06-08T00:27:50","slug":"vatican_goes_trendy","status":"publish","type":"post","link":"https:\/\/junjan.org\/wordpress\/2007\/06\/vatican_goes_trendy\/","title":{"rendered":"Vatican goes trendy"},"content":{"rendered":"<blockquote><p>[\u00abEl Pa\u00eds\u00bb:http:\/\/www.elpais.com\/articulo\/sociedad\/Vaticano\/considera\/pecado\/grave\/atentar\/medio\/ambiente\/elpepusoc\/20070607elpepusoc_3\/Tes]. El cardenal Martino explica en la entrevista el punto de vista de la Iglesia cat\u00f3lica sobre la destrucci\u00f3n medioambiental, muy en boga \u00faltimamente por la amenaza del calentamiento global. As\u00ed, considera que los atentados contra el medio ambiente son un \u00abinsulto a Dios\u00bb, aunque hay grados: \u00abTirar una bolsa de basura por la calle es pecado venial, pero quien destruye la Amazon\u00eda comete un pecado grave\u00bb, se\u00f1ala Martino. \u00abDestruir el gran pulm\u00f3n verde que es la Amazon\u00eda es da\u00f1ar a toda la humanidad y no s\u00f3lo a las poblaciones aut\u00f3ctonas\u00bb, explica Martino.<\/p><\/blockquote>\n<p>Huy que modernos que se nos han vuelto los obispos. \u00bfNo resulta en poco parad\u00f3jico?<\/p>\n","protected":false},"excerpt":{"rendered":"<p>[\u00abEl Pa\u00eds\u00bb:http:\/\/www.elpais.com\/articulo\/sociedad\/Vaticano\/considera\/pecado\/grave\/atentar\/medio\/ambiente\/elpepusoc\/20070607elpepusoc_3\/Tes]. El cardenal Martino explica en la entrevista el punto de vista de la Iglesia cat\u00f3lica sobre la destrucci\u00f3n medioambiental, muy en boga \u00faltimamente por la amenaza del calentamiento global. As\u00ed, considera que los atentados contra el medio ambiente son un \u00abinsulto a Dios\u00bb, aunque hay grados: \u00abTirar una bolsa de basura por la&hellip;&nbsp;<a href=\"https:\/\/junjan.org\/wordpress\/2007\/06\/vatican_goes_trendy\/\" rel=\"bookmark\">Leer m\u00e1s &raquo;<span class=\"screen-reader-text\">Vatican goes trendy<\/span><\/a><\/p>\n","protected":false},"author":1,"featured_media":0,"comment_status":"open","ping_status":"open","sticky":false,"template":"","format":"standard","meta":{"neve_meta_sidebar":"","neve_meta_container":"","neve_meta_enable_content_width":"","neve_meta_content_width":0,"neve_meta_title_alignment":"","neve_meta_author_avatar":"","neve_post_elements_order":"","neve_meta_disable_header":"","neve_meta_disable_footer":"","neve_meta_disable_title":"","footnotes":""},"categories":[5],"tags":[333],"class_list":["post-908","post","type-post","status-publish","format-standard","hentry","category-actualidad","tag-iglesia-calentamiento-global"],"_links":{"self":[{"href":"https:\/\/junjan.org\/wordpress\/wp-json\/wp\/v2\/posts\/908","targetHints":{"allow":["GET"]}}],"collection":[{"href":"https:\/\/junjan.org\/wordpress\/wp-json\/wp\/v2\/posts"}],"about":[{"href":"https:\/\/junjan.org\/wordpress\/wp-json\/wp\/v2\/types\/post"}],"author":[{"embeddable":true,"href":"https:\/\/junjan.org\/wordpress\/wp-json\/wp\/v2\/users\/1"}],"replies":[{"embeddable":true,"href":"https:\/\/junjan.org\/wordpress\/wp-json\/wp\/v2\/comments?post=908"}],"version-history":[{"count":0,"href":"https:\/\/junjan.org\/wordpress\/wp-json\/wp\/v2\/posts\/908\/revisions"}],"wp:attachment":[{"href":"https:\/\/junjan.org\/wordpress\/wp-json\/wp\/v2\/media?parent=908"}],"wp:term":[{"taxonomy":"category","embeddable":true,"href":"https:\/\/junjan.org\/wordpress\/wp-json\/wp\/v2\/categories?post=908"},{"taxonomy":"post_tag","embeddable":true,"href":"https:\/\/junjan.org\/wordpress\/wp-json\/wp\/v2\/tags?post=908"}],"curies":[{"name":"wp","href":"https:\/\/api.w.org\/{rel}","templated":true}]}}