{"id":910,"date":"2007-06-18T09:33:14","date_gmt":"2007-06-18T09:33:14","guid":{"rendered":"http:\/\/junjan.org\/wordpress\/?p=910"},"modified":"2007-06-18T09:33:14","modified_gmt":"2007-06-18T09:33:14","slug":"monjitas","status":"publish","type":"post","link":"https:\/\/junjan.org\/wordpress\/2007\/06\/monjitas\/","title":{"rendered":"Monjitas"},"content":{"rendered":"<blockquote><p>Hermana Pilar, \u00bftienes a\u00fan tan negros tus ojos?<br \/>\n\u00bfY tu boca tan fresca y tan roja?<br \/>\nY tus pechos&#8230; \u00bfc\u00f3mo tienes los pechos?<br \/>\nAy, \u00bfte acuerdas cuando entrabas en las altas horas en mi cuarto,<br \/>\ncuando me llamabas como una madre,<br \/>\ncuando me re\u00f1\u00edas como a un ni\u00f1o?<br \/>\nHermana! Deshoj\u00e1bamos nuestros cuerpos ardientes<br \/>\nen una profusi\u00f3n sin fin y sin sentido&#8230;<br \/>\nera oto\u00f1o y el sol -\u00bfte acuerdas?\n<\/p><\/blockquote>\n<p><strong>Juan Ram\u00f3n Jim\u00e9nez<\/strong> \u00aben el convento&#8230;\u00bb:http:\/\/www.elpais.com\/articulo\/ultima\/monjas\/topo\/Juan\/Ramon\/elpepucul\/20070618elpepiult_1\/Tes<\/p>\n","protected":false},"excerpt":{"rendered":"<p>Hermana Pilar, \u00bftienes a\u00fan tan negros tus ojos? \u00bfY tu boca tan fresca y tan roja? Y tus pechos&#8230; \u00bfc\u00f3mo tienes los pechos? Ay, \u00bfte acuerdas cuando entrabas en las altas horas en mi cuarto, cuando me llamabas como una madre, cuando me re\u00f1\u00edas como a un ni\u00f1o? Hermana! Deshoj\u00e1bamos nuestros cuerpos ardientes en una&hellip;&nbsp;<a href=\"https:\/\/junjan.org\/wordpress\/2007\/06\/monjitas\/\" rel=\"bookmark\">Leer m\u00e1s &raquo;<span class=\"screen-reader-text\">Monjitas<\/span><\/a><\/p>\n","protected":false},"author":1,"featured_media":0,"comment_status":"open","ping_status":"open","sticky":false,"template":"","format":"standard","meta":{"neve_meta_sidebar":"","neve_meta_container":"","neve_meta_enable_content_width":"","neve_meta_content_width":0,"neve_meta_title_alignment":"","neve_meta_author_avatar":"","neve_post_elements_order":"","neve_meta_disable_header":"","neve_meta_disable_footer":"","neve_meta_disable_title":"","footnotes":""},"categories":[84],"tags":[335],"class_list":["post-910","post","type-post","status-publish","format-standard","hentry","category-divagaciones","tag-monjas-juan-ramon-jimenez-convento"],"_links":{"self":[{"href":"https:\/\/junjan.org\/wordpress\/wp-json\/wp\/v2\/posts\/910","targetHints":{"allow":["GET"]}}],"collection":[{"href":"https:\/\/junjan.org\/wordpress\/wp-json\/wp\/v2\/posts"}],"about":[{"href":"https:\/\/junjan.org\/wordpress\/wp-json\/wp\/v2\/types\/post"}],"author":[{"embeddable":true,"href":"https:\/\/junjan.org\/wordpress\/wp-json\/wp\/v2\/users\/1"}],"replies":[{"embeddable":true,"href":"https:\/\/junjan.org\/wordpress\/wp-json\/wp\/v2\/comments?post=910"}],"version-history":[{"count":0,"href":"https:\/\/junjan.org\/wordpress\/wp-json\/wp\/v2\/posts\/910\/revisions"}],"wp:attachment":[{"href":"https:\/\/junjan.org\/wordpress\/wp-json\/wp\/v2\/media?parent=910"}],"wp:term":[{"taxonomy":"category","embeddable":true,"href":"https:\/\/junjan.org\/wordpress\/wp-json\/wp\/v2\/categories?post=910"},{"taxonomy":"post_tag","embeddable":true,"href":"https:\/\/junjan.org\/wordpress\/wp-json\/wp\/v2\/tags?post=910"}],"curies":[{"name":"wp","href":"https:\/\/api.w.org\/{rel}","templated":true}]}}