{"id":912,"date":"2007-06-21T21:58:33","date_gmt":"2007-06-21T21:58:33","guid":{"rendered":"http:\/\/junjan.org\/wordpress\/?p=912"},"modified":"2011-06-18T21:37:20","modified_gmt":"2011-06-18T19:37:20","slug":"tiranos_amigos_y_2","status":"publish","type":"post","link":"https:\/\/junjan.org\/wordpress\/2007\/06\/tiranos_amigos_y_2\/","title":{"rendered":"Tiranos amigos (y 2)"},"content":{"rendered":"<p><a href=\"http:\/\/junjan.org\/wordpress\/wp-content\/uploads\/2011\/06\/Abdula-Leti-Cena.jpg\"><img loading=\"lazy\" decoding=\"async\" class=\"aligncenter size-full wp-image-1554\" title=\"Abdula-Leti-Cena\" src=\"http:\/\/junjan.org\/wordpress\/wp-content\/uploads\/2011\/06\/Abdula-Leti-Cena.jpg\" alt=\"\" width=\"328\" height=\"231\" srcset=\"https:\/\/junjan.org\/wordpress\/wp-content\/uploads\/2011\/06\/Abdula-Leti-Cena.jpg 328w, https:\/\/junjan.org\/wordpress\/wp-content\/uploads\/2011\/06\/Abdula-Leti-Cena-300x211.jpg 300w, https:\/\/junjan.org\/wordpress\/wp-content\/uploads\/2011\/06\/Abdula-Leti-Cena-150x105.jpg 150w\" sizes=\"auto, (max-width: 328px) 100vw, 328px\" \/><\/a><br \/>\nParece que a la casa Real <a href=\"http:\/\/www.elpais.com\/articulo\/gente\/foto\/molesto\/Letizia\/elpepugen\/20070621elpepuage_9\/Tes\" target=\"_blank\">no le gusta nada que salgan a la luz p\u00fablica<\/a> fotos de sus \u00abeventos privados\u00bb, y menos si se puede ver a nuestra presentadora de telediarios favorita <a href=\"http:\/\/estaticos02.cache.el-mundo.net\/elmundo\/imagenes\/2007\/06\/21\/1182450626_g_0.jpg\" target=\"_blank\">rodeada de te\u00f3cratas<\/a>. Si que son mani\u00e1ticos, aunque con su queja han conseguido que la foto de marras salga hasta en la sopa y que los <a href=\"http:\/\/www.estrelladigital.es\/a1.asp?sec=opi&amp;fech=22\/06\/2007&amp;name=penafiel\" target=\"_blank\">cotillas mon\u00e1rquicos<\/a> se cabreen por considerar un agravio la ocultaci\u00f3n de las actividades de uno de sus \u00eddolos.<br \/>\nTriste pa\u00eds donde que los m\u00e1ximos representantes del estado<br \/>\n(<em>esperemos que por poco tiempo<\/em>) se re\u00fanan con un <a href=\"http:\/\/www.guerraeterna.com\/archives\/2007\/06\/nuestros_amigos_1.html\" target=\"_blank\">verdugo<\/a>, <a href=\"http:\/\/www.spa.gov.sa\/galupload\/normal\/15254_W64.jpg\" target=\"_blank\">le regalen un caballo a costa del dinero de los contribuyentes<\/a> y <a href=\"http:\/\/www.spa.gov.sa\/galupload\/normal\/15174_M104.jpg\" target=\"_blank\">le impongan condecoraciones<\/a>,\u00a0no levanta la m\u00e1s m\u00ednima pol\u00e9mica, pero que su princesita de cuento salga o no salga en fotos levanta r\u00edos de tinta. \u00a1Qu\u00e9 asco!<\/p>\n","protected":false},"excerpt":{"rendered":"<p>Parece que a la casa Real no le gusta nada que salgan a la luz p\u00fablica fotos de sus \u00abeventos privados\u00bb, y menos si se puede ver a nuestra presentadora de telediarios favorita rodeada de te\u00f3cratas. Si que son mani\u00e1ticos, aunque con su queja han conseguido que la foto de marras salga hasta en la&hellip;&nbsp;<a href=\"https:\/\/junjan.org\/wordpress\/2007\/06\/tiranos_amigos_y_2\/\" rel=\"bookmark\">Leer m\u00e1s &raquo;<span class=\"screen-reader-text\">Tiranos amigos (y 2)<\/span><\/a><\/p>\n","protected":false},"author":1,"featured_media":0,"comment_status":"open","ping_status":"open","sticky":false,"template":"","format":"standard","meta":{"neve_meta_sidebar":"","neve_meta_container":"","neve_meta_enable_content_width":"","neve_meta_content_width":0,"neve_meta_title_alignment":"","neve_meta_author_avatar":"","neve_post_elements_order":"","neve_meta_disable_header":"","neve_meta_disable_footer":"","neve_meta_disable_title":"","footnotes":""},"categories":[84],"tags":[788,217,781,47],"class_list":["post-912","post","type-post","status-publish","format-standard","hentry","category-divagaciones","tag-arabia-saudi","tag-derechos-humanos","tag-letizia","tag-monarquia"],"_links":{"self":[{"href":"https:\/\/junjan.org\/wordpress\/wp-json\/wp\/v2\/posts\/912","targetHints":{"allow":["GET"]}}],"collection":[{"href":"https:\/\/junjan.org\/wordpress\/wp-json\/wp\/v2\/posts"}],"about":[{"href":"https:\/\/junjan.org\/wordpress\/wp-json\/wp\/v2\/types\/post"}],"author":[{"embeddable":true,"href":"https:\/\/junjan.org\/wordpress\/wp-json\/wp\/v2\/users\/1"}],"replies":[{"embeddable":true,"href":"https:\/\/junjan.org\/wordpress\/wp-json\/wp\/v2\/comments?post=912"}],"version-history":[{"count":2,"href":"https:\/\/junjan.org\/wordpress\/wp-json\/wp\/v2\/posts\/912\/revisions"}],"predecessor-version":[{"id":1555,"href":"https:\/\/junjan.org\/wordpress\/wp-json\/wp\/v2\/posts\/912\/revisions\/1555"}],"wp:attachment":[{"href":"https:\/\/junjan.org\/wordpress\/wp-json\/wp\/v2\/media?parent=912"}],"wp:term":[{"taxonomy":"category","embeddable":true,"href":"https:\/\/junjan.org\/wordpress\/wp-json\/wp\/v2\/categories?post=912"},{"taxonomy":"post_tag","embeddable":true,"href":"https:\/\/junjan.org\/wordpress\/wp-json\/wp\/v2\/tags?post=912"}],"curies":[{"name":"wp","href":"https:\/\/api.w.org\/{rel}","templated":true}]}}