{"id":913,"date":"2007-06-21T23:59:24","date_gmt":"2007-06-21T23:59:24","guid":{"rendered":"http:\/\/junjan.org\/wordpress\/?p=913"},"modified":"2007-06-21T23:59:24","modified_gmt":"2007-06-21T23:59:24","slug":"fundamentos","status":"publish","type":"post","link":"https:\/\/junjan.org\/wordpress\/2007\/06\/fundamentos\/","title":{"rendered":"Fundamentos"},"content":{"rendered":"<p>Si&#8230; [\u00abYa se que soy masoca\u00bb:http:\/\/www.libertaddigital.com\/opiniones\/opinion_38086.html]&#8230;<\/p>\n<blockquote><p><strong>Pregunta:<\/strong><em>Don Federico, \u00bfde d\u00f3nde cree usted que viene la animadversi\u00f3n de la izquierda hacia Espa\u00f1a, ese odio barato sin fundamento?<br \/>\n<\/em><br \/>\n<strong>Respuesta:<\/strong> Porque los valores en que se fundamenta la existencia y la gloria de Espa\u00f1a son la negaci\u00f3n de los que defiende la Izquierda: la herencia grecolatina y cristiana, la Reconquista, Am\u00e9rica, las tristes pero asombrosas haza\u00f1as del Imperio, el patriotismo frente a Napole\u00f3n, el sentimiento nacional por encima del de origen o clase: casi todo lo bueno de Espa\u00f1a va en contra de lo que significa la Izquierda actual.<\/p><\/blockquote>\n<p>Valores que con perd\u00f3n me paso sin mayor ceremonia por el forro&#8230; Se le olvidan las cintas de su capa&#8230;<\/p>\n","protected":false},"excerpt":{"rendered":"<p>Si&#8230; [\u00abYa se que soy masoca\u00bb:http:\/\/www.libertaddigital.com\/opiniones\/opinion_38086.html]&#8230; Pregunta:Don Federico, \u00bfde d\u00f3nde cree usted que viene la animadversi\u00f3n de la izquierda hacia Espa\u00f1a, ese odio barato sin fundamento? Respuesta: Porque los valores en que se fundamenta la existencia y la gloria de Espa\u00f1a son la negaci\u00f3n de los que defiende la Izquierda: la herencia grecolatina y cristiana,&hellip;&nbsp;<a href=\"https:\/\/junjan.org\/wordpress\/2007\/06\/fundamentos\/\" rel=\"bookmark\">Leer m\u00e1s &raquo;<span class=\"screen-reader-text\">Fundamentos<\/span><\/a><\/p>\n","protected":false},"author":1,"featured_media":0,"comment_status":"open","ping_status":"open","sticky":false,"template":"","format":"standard","meta":{"neve_meta_sidebar":"","neve_meta_container":"","neve_meta_enable_content_width":"","neve_meta_content_width":0,"neve_meta_title_alignment":"","neve_meta_author_avatar":"","neve_post_elements_order":"","neve_meta_disable_header":"","neve_meta_disable_footer":"","neve_meta_disable_title":"","footnotes":""},"categories":[5],"tags":[338],"class_list":["post-913","post","type-post","status-publish","format-standard","hentry","category-actualidad","tag-federico-jimenez-losantos-libertaddigital"],"_links":{"self":[{"href":"https:\/\/junjan.org\/wordpress\/wp-json\/wp\/v2\/posts\/913","targetHints":{"allow":["GET"]}}],"collection":[{"href":"https:\/\/junjan.org\/wordpress\/wp-json\/wp\/v2\/posts"}],"about":[{"href":"https:\/\/junjan.org\/wordpress\/wp-json\/wp\/v2\/types\/post"}],"author":[{"embeddable":true,"href":"https:\/\/junjan.org\/wordpress\/wp-json\/wp\/v2\/users\/1"}],"replies":[{"embeddable":true,"href":"https:\/\/junjan.org\/wordpress\/wp-json\/wp\/v2\/comments?post=913"}],"version-history":[{"count":0,"href":"https:\/\/junjan.org\/wordpress\/wp-json\/wp\/v2\/posts\/913\/revisions"}],"wp:attachment":[{"href":"https:\/\/junjan.org\/wordpress\/wp-json\/wp\/v2\/media?parent=913"}],"wp:term":[{"taxonomy":"category","embeddable":true,"href":"https:\/\/junjan.org\/wordpress\/wp-json\/wp\/v2\/categories?post=913"},{"taxonomy":"post_tag","embeddable":true,"href":"https:\/\/junjan.org\/wordpress\/wp-json\/wp\/v2\/tags?post=913"}],"curies":[{"name":"wp","href":"https:\/\/api.w.org\/{rel}","templated":true}]}}