{"id":914,"date":"2007-06-23T12:50:09","date_gmt":"2007-06-23T12:50:09","guid":{"rendered":"http:\/\/junjan.org\/wordpress\/?p=914"},"modified":"2007-06-23T12:50:09","modified_gmt":"2007-06-23T12:50:09","slug":"antitesis","status":"publish","type":"post","link":"https:\/\/junjan.org\/wordpress\/2007\/06\/antitesis\/","title":{"rendered":"La paradoja educativa"},"content":{"rendered":"<p>Es una paradoja de proporciones inmensas.<br \/>\nLa iglesia cat\u00f3lica, una organizaci\u00f3n religiosa que propone como \u00abmensajes docentes\u00bb:http:\/\/www.educa.aragob.es\/iespluza\/Departamentos\/Religion\/temario.htm los siguientes conceptos: que un ser inmortal (<em>dios<\/em>) omnipotente ha creado el universo y a los seres humanos en contra de todas las evidencias cient\u00edficas e hist\u00f3ricas; que adem\u00e1s del universo que podemos ver con nuestros sentidos y\/o aparatos cient\u00edficos, existe un universo paralelo donde hay un <em>\u201cCielo\u201d<\/em> y un <em>\u201cInfierno\u201d<\/em> donde la gente va despu\u00e9s de morir; que los seres humanos adem\u00e1s de nuestro cuerpo tenemos un <em>\u201calma\u201d<\/em>, una especie de otro-yo que no se puede ver ni detectar pero que es muy importante porque nos hace inmortales; tras la muerte, el alma de los cristianos va al cielo y vive all\u00ed felizmente durante toda la eternidad; que los no-cristianos van al infierno y sufren horribles torturas y privaciones durante toda la eternidad; que hace dos mil a\u00f1os una joven jud\u00eda fue embarazada en ausencia de gameto masculino por una de las encarnaciones de dios (un <em>\u201cesp\u00edritu\u201d<\/em>en forma de paloma); que el hijo de esta mujer (<em>Jes\u00fas<\/em>) ten\u00eda poderes sobrenaturales, que predic\u00f3 el mensaje central de la religi\u00f3n cristiana, que muri\u00f3 y luego resucit\u00f3 y subi\u00f3 a los cielos; que los seguidores de Jes\u00fas forman la iglesia, que su jefe es el Papa, un se\u00f1or que es infalible y santo; que el mensaje de Jes\u00fas es de amor, pero que el placer en si mismo es malo; que durante el rito cristiano que se hace los domingos (misa) un trozo de pan se convierte en la misma carne de Jes\u00fas y un vaso de vino se convierte en su sangre (aunque no se ha podido demostrar nunca), y que comerlos nos acerca a dios; que los cristianos no pueden hacer determinadas cosas, aunque otros las hagan y nos le pase nada malo; y un sin n\u00famero de otras proposiciones que est\u00e1n contenidas en un libro que contiene la palabra de dios y en otros libros escritos por los representantes de dios en esta parte del universo; que esas proposiciones son \u201cmoralmente\u201d buenas y hay que obedecerlas (aunque seguir esas proposiciones de una manera fundamentalista ha dado lugar a todas las formas posibles de intolerancia, muerte y guerra); que hay gente que no sigue esas proposiciones y tiene otras proposiciones diferentes, y aunque no infrinjan ninguna ley, son gente moralmente \u201cmala\u201d (homosexuales, ateos, divorciados, fabricantes de condones, cient\u00edficos, etc); que otras religiones que fomentan m\u00e1s o menos los mismos valores morales no son tan buenas y hay que llamarlas sectas; y un largo etc\u00e9tera.<br \/>\nGran paradoja que quien intenta imbuir en la educaci\u00f3n de los ni\u00f1os unas creencias absurdas e irrisorias a la luz de la cultura y la ciencia del siglo XXI, se atreva a dar lecciones de \u00abmodernidad y pluralismo\u00bb:http:\/\/www.elpais.com\/articulo\/opinion\/Obispos\/ciudadania\/elpepusoc\/20070622elpepiopi_2\/Tes a nadie, y menos a un parlamento democr\u00e1tico.<br \/>\nNo me extra\u00f1a que quieran prohibir \u00abuna asignatura\u00bb:http:\/\/www.educacionenvalores.org\/article.php3?id_article=871 que en su programa quiere ense\u00f1ar: a respetar las distintas forma de pensamiento (incluso religioso); a conocer y valorar los derechos humanos y de los otros seres vivos que pueblan este planeta; a olvidar los prejuicios sexistas que vienen de nuestra oscura historia; a conocer la democracia, sus derechos y sus deberes; a ejercer un razonamiento cr\u00edtico; a reconocer y luchar contra las injusticias; y un largo etc\u00e9tera. Son conceptos que no cuadran con una concepci\u00f3n del mundo basada en la fe.<br \/>\nEntiendo su preocupaci\u00f3n, cualquier ni\u00f1o con dos dedos de frente llegar\u00e1 a la l\u00f3gica conclusi\u00f3n que unas ense\u00f1anzas se adecuan a la realidad y las otras no.<br \/>\n\u00bfCu\u00e1nto tiempo m\u00e1s tendremos que soportar que la iglesia cat\u00f3lica y sus t\u00edteres se metan en los asuntos de nuestro estado?<\/p>\n","protected":false},"excerpt":{"rendered":"<p>Es una paradoja de proporciones inmensas. La iglesia cat\u00f3lica, una organizaci\u00f3n religiosa que propone como \u00abmensajes docentes\u00bb:http:\/\/www.educa.aragob.es\/iespluza\/Departamentos\/Religion\/temario.htm los siguientes conceptos: que un ser inmortal (dios) omnipotente ha creado el universo y a los seres humanos en contra de todas las evidencias cient\u00edficas e hist\u00f3ricas; que adem\u00e1s del universo que podemos ver con nuestros sentidos y\/o&hellip;&nbsp;<a href=\"https:\/\/junjan.org\/wordpress\/2007\/06\/antitesis\/\" rel=\"bookmark\">Leer m\u00e1s &raquo;<span class=\"screen-reader-text\">La paradoja educativa<\/span><\/a><\/p>\n","protected":false},"author":1,"featured_media":0,"comment_status":"open","ping_status":"open","sticky":false,"template":"","format":"standard","meta":{"neve_meta_sidebar":"","neve_meta_container":"","neve_meta_enable_content_width":"","neve_meta_content_width":0,"neve_meta_title_alignment":"","neve_meta_author_avatar":"","neve_post_elements_order":"","neve_meta_disable_header":"","neve_meta_disable_footer":"","neve_meta_disable_title":"","footnotes":""},"categories":[5],"tags":[339],"class_list":["post-914","post","type-post","status-publish","format-standard","hentry","category-actualidad","tag-religion-fe-iglesia-educacion-dios"],"_links":{"self":[{"href":"https:\/\/junjan.org\/wordpress\/wp-json\/wp\/v2\/posts\/914","targetHints":{"allow":["GET"]}}],"collection":[{"href":"https:\/\/junjan.org\/wordpress\/wp-json\/wp\/v2\/posts"}],"about":[{"href":"https:\/\/junjan.org\/wordpress\/wp-json\/wp\/v2\/types\/post"}],"author":[{"embeddable":true,"href":"https:\/\/junjan.org\/wordpress\/wp-json\/wp\/v2\/users\/1"}],"replies":[{"embeddable":true,"href":"https:\/\/junjan.org\/wordpress\/wp-json\/wp\/v2\/comments?post=914"}],"version-history":[{"count":0,"href":"https:\/\/junjan.org\/wordpress\/wp-json\/wp\/v2\/posts\/914\/revisions"}],"wp:attachment":[{"href":"https:\/\/junjan.org\/wordpress\/wp-json\/wp\/v2\/media?parent=914"}],"wp:term":[{"taxonomy":"category","embeddable":true,"href":"https:\/\/junjan.org\/wordpress\/wp-json\/wp\/v2\/categories?post=914"},{"taxonomy":"post_tag","embeddable":true,"href":"https:\/\/junjan.org\/wordpress\/wp-json\/wp\/v2\/tags?post=914"}],"curies":[{"name":"wp","href":"https:\/\/api.w.org\/{rel}","templated":true}]}}