{"id":921,"date":"2007-07-12T22:35:28","date_gmt":"2007-07-12T22:35:28","guid":{"rendered":"http:\/\/junjan.org\/wordpress\/?p=921"},"modified":"2011-06-24T10:45:46","modified_gmt":"2011-06-24T08:45:46","slug":"rouco_condenado_a_pagar","status":"publish","type":"post","link":"https:\/\/junjan.org\/wordpress\/2007\/07\/rouco_condenado_a_pagar\/","title":{"rendered":"Rouco condenado a pagar"},"content":{"rendered":"<blockquote><p>(<a href=\"http:\/\/www.20minutos.es\/noticia\/257929\/0\/arzobispado\/condenado\/abusos\/\" target=\"_blank\">20 minutos<\/a>). La Sala de lo Penal del Tribunal Supremo ha confirmado la condena a dos a\u00f1os de prisi\u00f3n impuesta en noviembre de 2006 a un sacerdote por abusar sexualmente de un menor, al tiempo que ha ratificado la condena al Arzobispado de Madrid como responsable civil subsidiario.<\/p><\/blockquote>\n<p>Otra lecci\u00f3n de \u00e9tica civil para los que tantas lecciones de moral regalan sin que nadie se las pida. Muy callados se han quedado. \u00abNi esta boca es m\u00eda\u00bb. Silencio sepulcral.<br \/>\nNo es para menos. Tras apoyar a un cura pederasta, que el Tribunal Supremo te recuerde que el <em>\u00abC\u00f3digo de Derecho Can\u00f3nico obliga a vigilar y controlar a los p\u00e1rrocos de la di\u00f3cesis\u00bb<\/em> debe sentar m\u00e1s bien mal. Sobretodo a alguien tan subido de orgullo.<\/p>\n","protected":false},"excerpt":{"rendered":"<p>(20 minutos). La Sala de lo Penal del Tribunal Supremo ha confirmado la condena a dos a\u00f1os de prisi\u00f3n impuesta en noviembre de 2006 a un sacerdote por abusar sexualmente de un menor, al tiempo que ha ratificado la condena al Arzobispado de Madrid como responsable civil subsidiario. Otra lecci\u00f3n de \u00e9tica civil para los&hellip;&nbsp;<a href=\"https:\/\/junjan.org\/wordpress\/2007\/07\/rouco_condenado_a_pagar\/\" rel=\"bookmark\">Leer m\u00e1s &raquo;<span class=\"screen-reader-text\">Rouco condenado a pagar<\/span><\/a><\/p>\n","protected":false},"author":1,"featured_media":0,"comment_status":"open","ping_status":"open","sticky":false,"template":"","format":"standard","meta":{"neve_meta_sidebar":"","neve_meta_container":"","neve_meta_enable_content_width":"","neve_meta_content_width":0,"neve_meta_title_alignment":"","neve_meta_author_avatar":"","neve_post_elements_order":"","neve_meta_disable_header":"","neve_meta_disable_footer":"","neve_meta_disable_title":"","footnotes":""},"categories":[5],"tags":[490,792,704],"class_list":["post-921","post","type-post","status-publish","format-standard","hentry","category-actualidad","tag-iglesia","tag-pederastas","tag-rouco"],"_links":{"self":[{"href":"https:\/\/junjan.org\/wordpress\/wp-json\/wp\/v2\/posts\/921","targetHints":{"allow":["GET"]}}],"collection":[{"href":"https:\/\/junjan.org\/wordpress\/wp-json\/wp\/v2\/posts"}],"about":[{"href":"https:\/\/junjan.org\/wordpress\/wp-json\/wp\/v2\/types\/post"}],"author":[{"embeddable":true,"href":"https:\/\/junjan.org\/wordpress\/wp-json\/wp\/v2\/users\/1"}],"replies":[{"embeddable":true,"href":"https:\/\/junjan.org\/wordpress\/wp-json\/wp\/v2\/comments?post=921"}],"version-history":[{"count":1,"href":"https:\/\/junjan.org\/wordpress\/wp-json\/wp\/v2\/posts\/921\/revisions"}],"predecessor-version":[{"id":1697,"href":"https:\/\/junjan.org\/wordpress\/wp-json\/wp\/v2\/posts\/921\/revisions\/1697"}],"wp:attachment":[{"href":"https:\/\/junjan.org\/wordpress\/wp-json\/wp\/v2\/media?parent=921"}],"wp:term":[{"taxonomy":"category","embeddable":true,"href":"https:\/\/junjan.org\/wordpress\/wp-json\/wp\/v2\/categories?post=921"},{"taxonomy":"post_tag","embeddable":true,"href":"https:\/\/junjan.org\/wordpress\/wp-json\/wp\/v2\/tags?post=921"}],"curies":[{"name":"wp","href":"https:\/\/api.w.org\/{rel}","templated":true}]}}