{"id":927,"date":"2007-07-20T21:50:46","date_gmt":"2007-07-20T21:50:46","guid":{"rendered":"http:\/\/junjan.org\/wordpress\/?p=927"},"modified":"2007-07-20T21:50:46","modified_gmt":"2007-07-20T21:50:46","slug":"la_monarquia_es_un_anacronismo_y_2","status":"publish","type":"post","link":"https:\/\/junjan.org\/wordpress\/2007\/07\/la_monarquia_es_un_anacronismo_y_2\/","title":{"rendered":"La monarqu\u00eda es un anacronismo (y 2)"},"content":{"rendered":"<p><img loading=\"lazy\" decoding=\"async\" alt=\"el_jueves_censurado.jpg\" title=\"Portada censurada por integristas monarquicos\" src=\"http:\/\/www.junjan.org\/weblog\/images\/el_jueves_censurado.jpg\" width=\"355\" height=\"455\" \/><br \/>\nEl fiscal general del estado ordena secuestrar el n\u00famero de esta semana de la revista El Jueves. Si quer\u00edan hacer una encuesta informal sobre que opina la gente sobre la monarqu\u00eda, [\u00ablo han conseguido\u00bb:http:\/\/www.elpais.com\/encuestas\/encuesta.html], [\u00abmuy\u00bb:http:\/\/www.20minutos.es\/encuesta\/1730], [\u00abpero que muy\u00bb:http:\/\/www.elmundo.es\/elmundo\/debate\/2007\/07\/783\/prevotaciones783.html] bien.<br \/>\nPor cierto que lo que tambi\u00e9n han conseguido es que la portada salga bien hermosa hasta en la sopa. Gracias por la oportunidad.<br \/>\n<strong><br \/>\nActualizaci\u00f3n:<\/strong><br \/>\nLo que dicen desde \u00abEl Jueves\u00bb:http:\/\/www.eljueves.es\/<\/p>\n<blockquote><p>\u00bf20 de Julio de 2007?<br \/>\nEscribimos esta nota el viernes, 20 de Julio de 2007, a las 19h. Tenemos la redacci\u00f3n llena de medios de comunicaci\u00f3n que nos preguntan el por qu\u00e9 del secuestro de la revista. No sabemos qu\u00e9 responderles. El Jueves ha publicado decenas, cientos de dibujos sobre la familia real ( y sobre pol\u00edticos, famosos, la ETA y todo lo que se mueve). Incluso hemos publicado un libro, TOCANDO LOS BORBONES, un tomazo de 350 p\u00e1ginas que recopilaba los dibujos m\u00e1s divertidos.<br \/>\nSomos humoristas gr\u00e1ficos y trabajamos conscientes de que nuestra obligaci\u00f3n, lo que nos piden los lectores, es que exploremos el l\u00edmite de la libertad de expresi\u00f3n. Podemos aceptar que, incluso, en alguna ocasi\u00f3n, lo podamos traspasar . Gajes del oficio. Si nos pasamos para eso est\u00e1n los tribunales pero&#8230;\u00bfun secuestro? \u00bfla polic\u00eda recorriendo los quioscos de todo el pa\u00eds retirando nuestra revista? \u00bfDe verdad escribimos esto el 20 de Julio del 2007?<\/p><\/blockquote>\n<p><strong><br \/>\nActualizaci\u00f3n:<\/strong><\/p>\n<blockquote><p>\n[\u00abEl Mundo\u00bb:http:\/\/www.elmundo.es\/elmundo\/2007\/07\/20\/espana\/1184958287.html?a=3c096e491c6acf59b7cdaf750f91cd1c&#038;t=1185010223].<br \/>\nEl fiscal Miguel \u00c1ngel Carballo ha solicitado al juez de la Audiencia Nacional Juan del Olmo que adopte las medidas oportunas para cerrar la p\u00e1gina de la revista &#8216;El Jueves&#8217; (www.eljueves.es) tras constatar que en ella se sigue difundiendo una caricatura de los Pr\u00edncipes de Asturias que el Ministerio P\u00fablico considera constitutiva de un delito de injurias a la Corona.<br \/>\nEl escrito del fiscal se refiere exclusivamente a la p\u00e1gina web de &#8216;El Jueves&#8217;, si bien precisa que la difusi\u00f3n del dibujo ofensivo por otros medios de comunicaci\u00f3n supondr\u00eda soslayar los efectos perseguidos con el auto dictado por el juez Del Olmo, quien acord\u00f3 el secuestro del \u00faltimo n\u00famero de la publicaci\u00f3n y la retirada de sus ejemplares de los quioscos.<br \/>\nFuentes fiscales explicaron que, si bien no se pide intervenir en ning\u00fan otro medio de comunicaci\u00f3n, se considera que ninguno deber\u00eda mostrar la caricatura puesto que esta imagen incurre en un delito contra la Corona.<\/p><\/blockquote>\n","protected":false},"excerpt":{"rendered":"<p>El fiscal general del estado ordena secuestrar el n\u00famero de esta semana de la revista El Jueves. Si quer\u00edan hacer una encuesta informal sobre que opina la gente sobre la monarqu\u00eda, [\u00ablo han conseguido\u00bb:http:\/\/www.elpais.com\/encuestas\/encuesta.html], [\u00abmuy\u00bb:http:\/\/www.20minutos.es\/encuesta\/1730], [\u00abpero que muy\u00bb:http:\/\/www.elmundo.es\/elmundo\/debate\/2007\/07\/783\/prevotaciones783.html] bien. Por cierto que lo que tambi\u00e9n han conseguido es que la portada salga bien hermosa hasta&hellip;&nbsp;<a href=\"https:\/\/junjan.org\/wordpress\/2007\/07\/la_monarquia_es_un_anacronismo_y_2\/\" rel=\"bookmark\">Leer m\u00e1s &raquo;<span class=\"screen-reader-text\">La monarqu\u00eda es un anacronismo (y 2)<\/span><\/a><\/p>\n","protected":false},"author":1,"featured_media":0,"comment_status":"open","ping_status":"open","sticky":false,"template":"","format":"standard","meta":{"neve_meta_sidebar":"","neve_meta_container":"","neve_meta_enable_content_width":"","neve_meta_content_width":0,"neve_meta_title_alignment":"","neve_meta_author_avatar":"","neve_post_elements_order":"","neve_meta_disable_header":"","neve_meta_disable_footer":"","neve_meta_disable_title":"","footnotes":""},"categories":[5],"tags":[351],"class_list":["post-927","post","type-post","status-publish","format-standard","hentry","category-actualidad","tag-monarquia-babosos-rey-el-jueves-del-olmo"],"_links":{"self":[{"href":"https:\/\/junjan.org\/wordpress\/wp-json\/wp\/v2\/posts\/927","targetHints":{"allow":["GET"]}}],"collection":[{"href":"https:\/\/junjan.org\/wordpress\/wp-json\/wp\/v2\/posts"}],"about":[{"href":"https:\/\/junjan.org\/wordpress\/wp-json\/wp\/v2\/types\/post"}],"author":[{"embeddable":true,"href":"https:\/\/junjan.org\/wordpress\/wp-json\/wp\/v2\/users\/1"}],"replies":[{"embeddable":true,"href":"https:\/\/junjan.org\/wordpress\/wp-json\/wp\/v2\/comments?post=927"}],"version-history":[{"count":0,"href":"https:\/\/junjan.org\/wordpress\/wp-json\/wp\/v2\/posts\/927\/revisions"}],"wp:attachment":[{"href":"https:\/\/junjan.org\/wordpress\/wp-json\/wp\/v2\/media?parent=927"}],"wp:term":[{"taxonomy":"category","embeddable":true,"href":"https:\/\/junjan.org\/wordpress\/wp-json\/wp\/v2\/categories?post=927"},{"taxonomy":"post_tag","embeddable":true,"href":"https:\/\/junjan.org\/wordpress\/wp-json\/wp\/v2\/tags?post=927"}],"curies":[{"name":"wp","href":"https:\/\/api.w.org\/{rel}","templated":true}]}}