{"id":942,"date":"2007-09-15T18:25:24","date_gmt":"2007-09-15T18:25:24","guid":{"rendered":"http:\/\/junjan.org\/wordpress\/?p=942"},"modified":"2007-09-15T18:25:24","modified_gmt":"2007-09-15T18:25:24","slug":"uf_creo_que_he_reciclado_a_la_familia_real","status":"publish","type":"post","link":"https:\/\/junjan.org\/wordpress\/2007\/09\/uf_creo_que_he_reciclado_a_la_familia_real\/","title":{"rendered":"\u00a1Uf! \u00a1Creo que he reciclado a la familia real!"},"content":{"rendered":"<p>\u00a1Qu\u00e9 desastre! \u00a1Creo que he cometido un delito horroroso!<br \/>\nEstaba bajando el papel para reciclar, y al ir tirando los peri\u00f3dicos, las revistas antiguas y los sobres vac\u00edos no repar\u00e9 \u2014hasta que se escapaba de mis manos hacia el abismo del contenedor subterr\u00e1neo\u2014 que una de las revistas conten\u00eda unas fotos de la sonriente familia Real en pleno.<br \/>\n\u00a1Porca miseria!<br \/>\nSi quemar unas fotos de los reyes es un delito que pone en danza al fiscal jefe \u2014ergo todo el peso de la ley\u2014 y a todos los cuerpos y fuerzas de seguridad del estado, \u00a1qu\u00e9 horrores no esperaran para tan vil individuo que osa reciclar a toda la familia real!<br \/>\nEstoy en casa encerrado, escalofr\u00edos recorren mi espalda, un sudor fr\u00edo sale por todos mis poros cual cascada, espero las sirenas, la patada en la puerta, las esposas y los forcejeos.<br \/>\n\u00a1Soy inocente! \u00a1No miraba el papel! \u00a1Sufr\u00ed una distracci\u00f3n! \u00a1Clemencia!<\/p>\n","protected":false},"excerpt":{"rendered":"<p>\u00a1Qu\u00e9 desastre! \u00a1Creo que he cometido un delito horroroso! Estaba bajando el papel para reciclar, y al ir tirando los peri\u00f3dicos, las revistas antiguas y los sobres vac\u00edos no repar\u00e9 \u2014hasta que se escapaba de mis manos hacia el abismo del contenedor subterr\u00e1neo\u2014 que una de las revistas conten\u00eda unas fotos de la sonriente familia&hellip;&nbsp;<a href=\"https:\/\/junjan.org\/wordpress\/2007\/09\/uf_creo_que_he_reciclado_a_la_familia_real\/\" rel=\"bookmark\">Leer m\u00e1s &raquo;<span class=\"screen-reader-text\">\u00a1Uf! \u00a1Creo que he reciclado a la familia real!<\/span><\/a><\/p>\n","protected":false},"author":1,"featured_media":0,"comment_status":"open","ping_status":"open","sticky":false,"template":"","format":"standard","meta":{"neve_meta_sidebar":"","neve_meta_container":"","neve_meta_enable_content_width":"","neve_meta_content_width":0,"neve_meta_title_alignment":"","neve_meta_author_avatar":"","neve_post_elements_order":"","neve_meta_disable_header":"","neve_meta_disable_footer":"","neve_meta_disable_title":"","footnotes":""},"categories":[5,28,84],"tags":[365],"class_list":["post-942","post","type-post","status-publish","format-standard","hentry","category-actualidad","category-derechos","category-divagaciones","tag-monarquia-anacronismo-rey-reyes-familia-real-censura"],"_links":{"self":[{"href":"https:\/\/junjan.org\/wordpress\/wp-json\/wp\/v2\/posts\/942","targetHints":{"allow":["GET"]}}],"collection":[{"href":"https:\/\/junjan.org\/wordpress\/wp-json\/wp\/v2\/posts"}],"about":[{"href":"https:\/\/junjan.org\/wordpress\/wp-json\/wp\/v2\/types\/post"}],"author":[{"embeddable":true,"href":"https:\/\/junjan.org\/wordpress\/wp-json\/wp\/v2\/users\/1"}],"replies":[{"embeddable":true,"href":"https:\/\/junjan.org\/wordpress\/wp-json\/wp\/v2\/comments?post=942"}],"version-history":[{"count":0,"href":"https:\/\/junjan.org\/wordpress\/wp-json\/wp\/v2\/posts\/942\/revisions"}],"wp:attachment":[{"href":"https:\/\/junjan.org\/wordpress\/wp-json\/wp\/v2\/media?parent=942"}],"wp:term":[{"taxonomy":"category","embeddable":true,"href":"https:\/\/junjan.org\/wordpress\/wp-json\/wp\/v2\/categories?post=942"},{"taxonomy":"post_tag","embeddable":true,"href":"https:\/\/junjan.org\/wordpress\/wp-json\/wp\/v2\/tags?post=942"}],"curies":[{"name":"wp","href":"https:\/\/api.w.org\/{rel}","templated":true}]}}