{"id":943,"date":"2007-09-22T21:18:24","date_gmt":"2007-09-22T21:18:24","guid":{"rendered":"http:\/\/junjan.org\/wordpress\/?p=943"},"modified":"2007-09-22T21:18:24","modified_gmt":"2007-09-22T21:18:24","slug":"los_que_se_dicen_de_izquierdas","status":"publish","type":"post","link":"https:\/\/junjan.org\/wordpress\/2007\/09\/los_que_se_dicen_de_izquierdas\/","title":{"rendered":"Los que se dicen de izquierdas"},"content":{"rendered":"<p>bq. \u00abEl plan de ayuda a los j\u00f3venes para el alquiler de viviendas ha recibido cr\u00edticas dur\u00edsimas. Incluso de sectores afines al gobierno. \u00bfEl plan es s\u00f3lo humo?, \u00bfes un calco de programas anteriores? Ha sido la pol\u00e9mica del d\u00eda. Antes quisi\u00e9ramos llamar su atenci\u00f3n sobre un aspecto de las realidades econ\u00f3micas, que disfraza de verdad t\u00e9cnica lo que es, sobre todo, ideolog\u00eda. Lo sospechoso de todo proyecto social. Desde el primer segundo de su vida, los planes sociales, aunque no alcancen ni para comprar chocolate al loro, ya parecen poner en peligro nuestros equilibrios. Si son para dentistas, para madres, para pensiones, para ni\u00f1os o para salarios, los euros no son euros sino bombas de relojer\u00eda, que amenazan el presente y llenan de nubarrones el futuro.<br \/>\nY se miran las cifras de frente y de perfil, como sospechosas, aunque no sumen ni para comprarse un delantero centro. Pero resulta que al mismo tiempo y en la misma jornada, los problemas que proceden del nebuloso mundo financiero se despachan como inexorabilidades geol\u00f3gicas, decimos turbulencias, crisis del cr\u00e9dito hipotecario americano, \u00absubprimes\u00bb, y ya es suficiente. Si hay que enchufar la manguera e inyectar miles de millones al sistema, se inyectan. Los que especularon con operaciones temerarias y nos llevaron al borde del precipicio, personas, o bancos o lo que sea, saben que llegar\u00e1 el s\u00e9ptimo de caballer\u00eda, o sea el dinero de todos a su rescate. Y bajaremos los tipos de inter\u00e9s, o lo que haga falta, tenga los ceros que tenga. A eso lo llamamos hoy econom\u00eda, pero es ideolog\u00eda. La defienden algunos que se dicen de izquierdas.\u00bb<br \/>\nI\u00f1aki Gabilondo en una entrada de su informativo en Cuatro. Video visto en [\u00abEscolar\u00bb:http:\/\/www.escolar.net\/MT\/archives\/2007\/09\/las-verdades-tecnicas-y-la-ideologia.html].<br \/>\nSiempre refrescante ver como Gabilondo se aleja del estereotipo de los telediarios y no s\u00f3lo es una cabeza parlante que lee lo que alguien le ha escrito en un monitor, sino que se moja y opina. Se est\u00e9 o no de acuerdo con \u00e9l &#8210;en este caso, si que lo estoy&#8210; es algo que hay que valorar.<\/p>\n","protected":false},"excerpt":{"rendered":"<p>bq. \u00abEl plan de ayuda a los j\u00f3venes para el alquiler de viviendas ha recibido cr\u00edticas dur\u00edsimas. Incluso de sectores afines al gobierno. \u00bfEl plan es s\u00f3lo humo?, \u00bfes un calco de programas anteriores? Ha sido la pol\u00e9mica del d\u00eda. Antes quisi\u00e9ramos llamar su atenci\u00f3n sobre un aspecto de las realidades econ\u00f3micas, que disfraza de&hellip;&nbsp;<a href=\"https:\/\/junjan.org\/wordpress\/2007\/09\/los_que_se_dicen_de_izquierdas\/\" rel=\"bookmark\">Leer m\u00e1s &raquo;<span class=\"screen-reader-text\">Los que se dicen de izquierdas<\/span><\/a><\/p>\n","protected":false},"author":1,"featured_media":0,"comment_status":"open","ping_status":"open","sticky":false,"template":"","format":"standard","meta":{"neve_meta_sidebar":"","neve_meta_container":"","neve_meta_enable_content_width":"","neve_meta_content_width":0,"neve_meta_title_alignment":"","neve_meta_author_avatar":"","neve_post_elements_order":"","neve_meta_disable_header":"","neve_meta_disable_footer":"","neve_meta_disable_title":"","footnotes":""},"categories":[1],"tags":[366],"class_list":["post-943","post","type-post","status-publish","format-standard","hentry","category-uncategorized","tag-economia-sociedad-inaki-gabilondo"],"_links":{"self":[{"href":"https:\/\/junjan.org\/wordpress\/wp-json\/wp\/v2\/posts\/943","targetHints":{"allow":["GET"]}}],"collection":[{"href":"https:\/\/junjan.org\/wordpress\/wp-json\/wp\/v2\/posts"}],"about":[{"href":"https:\/\/junjan.org\/wordpress\/wp-json\/wp\/v2\/types\/post"}],"author":[{"embeddable":true,"href":"https:\/\/junjan.org\/wordpress\/wp-json\/wp\/v2\/users\/1"}],"replies":[{"embeddable":true,"href":"https:\/\/junjan.org\/wordpress\/wp-json\/wp\/v2\/comments?post=943"}],"version-history":[{"count":0,"href":"https:\/\/junjan.org\/wordpress\/wp-json\/wp\/v2\/posts\/943\/revisions"}],"wp:attachment":[{"href":"https:\/\/junjan.org\/wordpress\/wp-json\/wp\/v2\/media?parent=943"}],"wp:term":[{"taxonomy":"category","embeddable":true,"href":"https:\/\/junjan.org\/wordpress\/wp-json\/wp\/v2\/categories?post=943"},{"taxonomy":"post_tag","embeddable":true,"href":"https:\/\/junjan.org\/wordpress\/wp-json\/wp\/v2\/tags?post=943"}],"curies":[{"name":"wp","href":"https:\/\/api.w.org\/{rel}","templated":true}]}}