{"id":947,"date":"2007-10-28T23:13:58","date_gmt":"2007-10-28T23:13:58","guid":{"rendered":"http:\/\/junjan.org\/wordpress\/?p=947"},"modified":"2007-10-28T23:13:58","modified_gmt":"2007-10-28T23:13:58","slug":"beatos_a_go_go","status":"publish","type":"post","link":"https:\/\/junjan.org\/wordpress\/2007\/10\/beatos_a_go_go\/","title":{"rendered":"Beatos a go go"},"content":{"rendered":"<p>Dicen los curas que pueblan este rinc\u00f3n del mundo que el \u00abacto de beatificaci\u00f3n masiva\u00bb:http:\/\/www.elpais.com\/articulo\/sociedad\/Proclamados\/beatos\/498\/religiosos\/espanoles\/martires\/siglo\/XX\/elpepusoc\/20071028elpepusoc_1\/Tes que ha tenido lugar hoy en Roma _\u00bbes un acto de reconciliaci\u00f3n, porque estos martirios acontecieron en circunstancias tr\u00e1gicas, de quebrantamiento flagrante de la paz y de los derechos humanos, pero los m\u00e1rtires han sido art\u00edfices de paz y han muerto perdonando a sus verdugos\u00bb._<br \/>\nInteresante que los dirigentes de una religi\u00f3n que apoy\u00f3 en \u00abcuerpo y alma\u00bb al franquismo y que todav\u00eda est\u00e1 por asumir su culpa hist\u00f3rica, se las den de pr\u00f3ceres de los derechos humanos y del revisionismo hist\u00f3rico rosa&#8230; Claro que no es nada sorprendente dado su ya tradicional pensamiento cavernario.<br \/>\nLo que si me sorprende sobremanera, es que nuestro laico ministro de Asuntos Exteriores asista a tama\u00f1a ceremonia. \u00bfQu\u00e9 narices se meten en el consejo de ministros? \u00bfSon masoquistas?  \u00bfC\u00f3mo es posible que un representante de nuestro gobierno se preste a participar en semejante acto de \u00ab[\u00abpropaganda nacional-cat\u00f3lico\u00bb:http:\/\/www.publico.es\/espana\/010987\/beatos\/mensaje\/politico]\u00bb? \u00bfO es que, tambi\u00e9n el, [\u00abquiere ser como ellos\u00bb:http:\/\/es.youtube.com\/watch?v=leSi8VRgzzw&#038;eurl=http:\/\/www.hazteoir.org\/modules.php?name=Noticias&#038;file=article&#038;sid=6033&#8243;]? (Youtube, cuidado con el v\u00eddeo que puede atragantarse f\u00e1cilmente)<br \/>\nAsquito que me dan&#8230;<\/p>\n","protected":false},"excerpt":{"rendered":"<p>Dicen los curas que pueblan este rinc\u00f3n del mundo que el \u00abacto de beatificaci\u00f3n masiva\u00bb:http:\/\/www.elpais.com\/articulo\/sociedad\/Proclamados\/beatos\/498\/religiosos\/espanoles\/martires\/siglo\/XX\/elpepusoc\/20071028elpepusoc_1\/Tes que ha tenido lugar hoy en Roma _\u00bbes un acto de reconciliaci\u00f3n, porque estos martirios acontecieron en circunstancias tr\u00e1gicas, de quebrantamiento flagrante de la paz y de los derechos humanos, pero los m\u00e1rtires han sido art\u00edfices de paz y han&hellip;&nbsp;<a href=\"https:\/\/junjan.org\/wordpress\/2007\/10\/beatos_a_go_go\/\" rel=\"bookmark\">Leer m\u00e1s &raquo;<span class=\"screen-reader-text\">Beatos a go go<\/span><\/a><\/p>\n","protected":false},"author":1,"featured_media":0,"comment_status":"open","ping_status":"open","sticky":false,"template":"","format":"standard","meta":{"neve_meta_sidebar":"","neve_meta_container":"","neve_meta_enable_content_width":"","neve_meta_content_width":0,"neve_meta_title_alignment":"","neve_meta_author_avatar":"","neve_post_elements_order":"","neve_meta_disable_header":"","neve_meta_disable_footer":"","neve_meta_disable_title":"","footnotes":""},"categories":[1],"tags":[370],"class_list":["post-947","post","type-post","status-publish","format-standard","hentry","category-uncategorized","tag-iglesia-beatos-guerra-civil"],"_links":{"self":[{"href":"https:\/\/junjan.org\/wordpress\/wp-json\/wp\/v2\/posts\/947","targetHints":{"allow":["GET"]}}],"collection":[{"href":"https:\/\/junjan.org\/wordpress\/wp-json\/wp\/v2\/posts"}],"about":[{"href":"https:\/\/junjan.org\/wordpress\/wp-json\/wp\/v2\/types\/post"}],"author":[{"embeddable":true,"href":"https:\/\/junjan.org\/wordpress\/wp-json\/wp\/v2\/users\/1"}],"replies":[{"embeddable":true,"href":"https:\/\/junjan.org\/wordpress\/wp-json\/wp\/v2\/comments?post=947"}],"version-history":[{"count":0,"href":"https:\/\/junjan.org\/wordpress\/wp-json\/wp\/v2\/posts\/947\/revisions"}],"wp:attachment":[{"href":"https:\/\/junjan.org\/wordpress\/wp-json\/wp\/v2\/media?parent=947"}],"wp:term":[{"taxonomy":"category","embeddable":true,"href":"https:\/\/junjan.org\/wordpress\/wp-json\/wp\/v2\/categories?post=947"},{"taxonomy":"post_tag","embeddable":true,"href":"https:\/\/junjan.org\/wordpress\/wp-json\/wp\/v2\/tags?post=947"}],"curies":[{"name":"wp","href":"https:\/\/api.w.org\/{rel}","templated":true}]}}