{"id":949,"date":"2007-11-11T23:07:43","date_gmt":"2007-11-11T23:07:43","guid":{"rendered":"http:\/\/junjan.org\/wordpress\/?p=949"},"modified":"2007-11-11T23:07:43","modified_gmt":"2007-11-11T23:07:43","slug":"lio_en_rio_digo_en_santiago","status":"publish","type":"post","link":"https:\/\/junjan.org\/wordpress\/2007\/11\/lio_en_rio_digo_en_santiago\/","title":{"rendered":"L\u00edo en R\u00edo (Digo en Santiago)"},"content":{"rendered":"<p>El l\u00edo entre Hugo Chavez, Zapatero y el Rey est\u00e1 haciendo que corran r\u00edos de tinta por todas partes, pero no hab\u00eda conseguido ver completos los v\u00eddeos de la cumbre iberoamericana de Santiago de Chile y las posteriores declaraciones de Chavez. Menos mal que en Internet todo se haya. Aqu\u00ed va:<br \/>\nEl v\u00eddeo de la cumbre completo:<br \/>\n<object width=\"425\" height=\"355\"><param name=\"movie\" value=\"http:\/\/www.youtube.com\/v\/vKDRmOpZB9E&#038;rel=1\"><\/param><param name=\"wmode\" value=\"transparent\"><\/param><embed src=\"http:\/\/www.youtube.com\/v\/vKDRmOpZB9E&#038;rel=1\" type=\"application\/x-shockwave-flash\" wmode=\"transparent\" width=\"425\" height=\"355\"><\/embed><\/object><br \/>\nChavez dijo aproximadamente esto:<br \/>\nbq.<br \/>\nD\u00edgale a \u00e9l que respete la dignidad de nuestro pueblo venezolano&#8230; D\u00edgale usted lo mismo a \u00e9l presidente, porque anda irrespetando a Venezuela por todas partes&#8230; Podr\u00e1 ser espa\u00f1ol el expresidente Aznar, pero es un fascista&#8230;<br \/>\nEl v\u00eddeo con las declaraciones posteriores de Chavez:<\/p>\n<div><object width=\"425\" height=\"335\"><param name=\"movie\" value=\"http:\/\/www.dailymotion.com\/swf\/1NaGlj44TppAJolTe\"><\/param><param name=\"allowFullScreen\" value=\"true\"><\/param><param name=\"allowScriptAccess\" value=\"always\"><\/param><embed src=\"http:\/\/www.dailymotion.com\/swf\/1NaGlj44TppAJolTe\" type=\"application\/x-shockwave-flash\" width=\"425\" height=\"335\" allowFullScreen=\"true\" allowScriptAccess=\"always\"><\/embed><\/object><br \/><b><a href=\"http:\/\/www.dailymotion.com\/video\/x3gees_chavez-acusa-al-rey-de-estar-metido_news\">Chavez acusa al Rey de estar metido en golpe de estado<\/a><\/b><br \/><i>Uploaded by <a href=\"http:\/\/www.dailymotion.com\/frankib\">frankib<\/a><\/i><\/div>\n","protected":false},"excerpt":{"rendered":"<p>El l\u00edo entre Hugo Chavez, Zapatero y el Rey est\u00e1 haciendo que corran r\u00edos de tinta por todas partes, pero no hab\u00eda conseguido ver completos los v\u00eddeos de la cumbre iberoamericana de Santiago de Chile y las posteriores declaraciones de Chavez. Menos mal que en Internet todo se haya. Aqu\u00ed va: El v\u00eddeo de la&hellip;&nbsp;<a href=\"https:\/\/junjan.org\/wordpress\/2007\/11\/lio_en_rio_digo_en_santiago\/\" rel=\"bookmark\">Leer m\u00e1s &raquo;<span class=\"screen-reader-text\">L\u00edo en R\u00edo (Digo en Santiago)<\/span><\/a><\/p>\n","protected":false},"author":1,"featured_media":0,"comment_status":"open","ping_status":"open","sticky":false,"template":"","format":"standard","meta":{"neve_meta_sidebar":"","neve_meta_container":"","neve_meta_enable_content_width":"","neve_meta_content_width":0,"neve_meta_title_alignment":"","neve_meta_author_avatar":"","neve_post_elements_order":"","neve_meta_disable_header":"","neve_meta_disable_footer":"","neve_meta_disable_title":"","footnotes":""},"categories":[1],"tags":[372],"class_list":["post-949","post","type-post","status-publish","format-standard","hentry","category-uncategorized","tag-rey-hugo-chavez-zapatero-cumbre-iberoamericana-aznar"],"_links":{"self":[{"href":"https:\/\/junjan.org\/wordpress\/wp-json\/wp\/v2\/posts\/949","targetHints":{"allow":["GET"]}}],"collection":[{"href":"https:\/\/junjan.org\/wordpress\/wp-json\/wp\/v2\/posts"}],"about":[{"href":"https:\/\/junjan.org\/wordpress\/wp-json\/wp\/v2\/types\/post"}],"author":[{"embeddable":true,"href":"https:\/\/junjan.org\/wordpress\/wp-json\/wp\/v2\/users\/1"}],"replies":[{"embeddable":true,"href":"https:\/\/junjan.org\/wordpress\/wp-json\/wp\/v2\/comments?post=949"}],"version-history":[{"count":0,"href":"https:\/\/junjan.org\/wordpress\/wp-json\/wp\/v2\/posts\/949\/revisions"}],"wp:attachment":[{"href":"https:\/\/junjan.org\/wordpress\/wp-json\/wp\/v2\/media?parent=949"}],"wp:term":[{"taxonomy":"category","embeddable":true,"href":"https:\/\/junjan.org\/wordpress\/wp-json\/wp\/v2\/categories?post=949"},{"taxonomy":"post_tag","embeddable":true,"href":"https:\/\/junjan.org\/wordpress\/wp-json\/wp\/v2\/tags?post=949"}],"curies":[{"name":"wp","href":"https:\/\/api.w.org\/{rel}","templated":true}]}}