{"id":952,"date":"2007-11-25T22:32:46","date_gmt":"2007-11-25T22:32:46","guid":{"rendered":"http:\/\/junjan.org\/wordpress\/?p=952"},"modified":"2007-11-25T22:32:46","modified_gmt":"2007-11-25T22:32:46","slug":"nos_sobran_bobos","status":"publish","type":"post","link":"https:\/\/junjan.org\/wordpress\/2007\/11\/nos_sobran_bobos\/","title":{"rendered":"Nos sobran bobos"},"content":{"rendered":"<p>Que nuestra clase pol\u00edtica no est\u00e1 formada por lo m\u00e1s \u00abgranado\u00bb de nuestra sociedad (intelectualmente hablando) es algo que se demuestra d\u00eda a d\u00eda. Hoy mismo, \u00abMariano Rajoy\u00bb:http:\/\/www.20minutos.es\/noticia\/311801\/0\/rajoy\/acuerdo\/agua\/ nos ha alegrado el d\u00eda con estas surrealistas declaraciones en referencia a la necesidad de hacer m\u00e1s transvases:<\/p>\n<blockquote><p>\n\u00ab(en Espa\u00f1a) Hay agua, no sobra mucha, pero sobra, y el agua es de todos, y se puede, se debe y va a haber agua para todos\u00bb <\/p><\/blockquote>\n<p>Puede ser que Mariano, entre otras miles de cosas, ignore los informes de la [\u00abAgencia Europea del Medio Ambiente\u00bb:http:\/\/www.eea.europa.eu\/]. Como su primo no le debe hablar de esto, no lo debe tener muy fresco. Debe ignorar las predicciones (que se confirman d\u00eda a d\u00eda) donde se observa que  siguiendo la tendencia actual de reducci\u00f3n de precipitaciones, las cuencas hidr\u00e1ulicas espa\u00f1olas tendr\u00e1n un alt\u00edsimo grado de estr\u00e9s. Detallitos sin importancia.<br \/>\nCreo que debiera ir de cabeza al pil\u00f3n, ahora que a\u00fan se pueden llenar.<br \/>\n<a rel=\"license\" href=\"http:\/\/creativecommons.org\/licenses\/publicdomain\/\"><br \/>\n<img decoding=\"async\" alt=\"Creative Commons License\" style=\"border-width:0\" src=\"http:\/\/www.junjan.org\/weblog\/images\/ccpublicdomain.gif\" \/><br \/>\n<\/a><br \/>\n<br \/>Este art\u00edculo en concreto ha sido dedicado al <a rel=\"license\" href=\"http:\/\/creativecommons.org\/licenses\/publicdomain\/\">Dominio P\u00fablico<\/a>.<\/p>\n","protected":false},"excerpt":{"rendered":"<p>Que nuestra clase pol\u00edtica no est\u00e1 formada por lo m\u00e1s \u00abgranado\u00bb de nuestra sociedad (intelectualmente hablando) es algo que se demuestra d\u00eda a d\u00eda. Hoy mismo, \u00abMariano Rajoy\u00bb:http:\/\/www.20minutos.es\/noticia\/311801\/0\/rajoy\/acuerdo\/agua\/ nos ha alegrado el d\u00eda con estas surrealistas declaraciones en referencia a la necesidad de hacer m\u00e1s transvases: \u00ab(en Espa\u00f1a) Hay agua, no sobra mucha, pero sobra,&hellip;&nbsp;<a href=\"https:\/\/junjan.org\/wordpress\/2007\/11\/nos_sobran_bobos\/\" rel=\"bookmark\">Leer m\u00e1s &raquo;<span class=\"screen-reader-text\">Nos sobran bobos<\/span><\/a><\/p>\n","protected":false},"author":1,"featured_media":0,"comment_status":"open","ping_status":"open","sticky":false,"template":"","format":"standard","meta":{"neve_meta_sidebar":"","neve_meta_container":"","neve_meta_enable_content_width":"","neve_meta_content_width":0,"neve_meta_title_alignment":"","neve_meta_author_avatar":"","neve_post_elements_order":"","neve_meta_disable_header":"","neve_meta_disable_footer":"","neve_meta_disable_title":"","footnotes":""},"categories":[5],"tags":[375],"class_list":["post-952","post","type-post","status-publish","format-standard","hentry","category-actualidad","tag-rajoy-pp-agua-transvases"],"_links":{"self":[{"href":"https:\/\/junjan.org\/wordpress\/wp-json\/wp\/v2\/posts\/952","targetHints":{"allow":["GET"]}}],"collection":[{"href":"https:\/\/junjan.org\/wordpress\/wp-json\/wp\/v2\/posts"}],"about":[{"href":"https:\/\/junjan.org\/wordpress\/wp-json\/wp\/v2\/types\/post"}],"author":[{"embeddable":true,"href":"https:\/\/junjan.org\/wordpress\/wp-json\/wp\/v2\/users\/1"}],"replies":[{"embeddable":true,"href":"https:\/\/junjan.org\/wordpress\/wp-json\/wp\/v2\/comments?post=952"}],"version-history":[{"count":0,"href":"https:\/\/junjan.org\/wordpress\/wp-json\/wp\/v2\/posts\/952\/revisions"}],"wp:attachment":[{"href":"https:\/\/junjan.org\/wordpress\/wp-json\/wp\/v2\/media?parent=952"}],"wp:term":[{"taxonomy":"category","embeddable":true,"href":"https:\/\/junjan.org\/wordpress\/wp-json\/wp\/v2\/categories?post=952"},{"taxonomy":"post_tag","embeddable":true,"href":"https:\/\/junjan.org\/wordpress\/wp-json\/wp\/v2\/tags?post=952"}],"curies":[{"name":"wp","href":"https:\/\/api.w.org\/{rel}","templated":true}]}}