{"id":954,"date":"2007-12-06T16:59:08","date_gmt":"2007-12-06T16:59:08","guid":{"rendered":"http:\/\/junjan.org\/wordpress\/?p=954"},"modified":"2007-12-06T16:59:08","modified_gmt":"2007-12-06T16:59:08","slug":"es_posible_que_nos_tomen_por_gilipollas","status":"publish","type":"post","link":"https:\/\/junjan.org\/wordpress\/2007\/12\/es_posible_que_nos_tomen_por_gilipollas\/","title":{"rendered":"Es posible que nos tomen por gilipollas"},"content":{"rendered":"<p><span class=\"mt-enclosure mt-enclosure-image\"><a href=\"http:\/\/www.junjan.org\/weblog\/images\/reagan-rajoy.html\" onclick=\"window.open('http:\/\/www.junjan.org\/weblog\/images\/reagan-rajoy.html','popup','width=367,height=500,scrollbars=no,resizable=no,toolbar=no,directories=no,location=no,menubar=no,status=no,left=0,top=0'); return false\"><img loading=\"lazy\" decoding=\"async\" src=\"http:\/\/www.junjan.org\/weblog\/images\/reagan-rajoy-thumb-250x340.jpg\" width=\"250\" height=\"340\" alt=\"Reagan Rajoy 08\" class=\"mt-image-left\" style=\"float: left; margin: 0 20px 20px 0;\" \/><\/a><\/span><br \/>\nVolviendo a casa por la autopista me ha sorprendido, casi a traici\u00f3n, un enorme cartel del PP con foto gigantesca de Rajoy con sonrisa y que dec\u00eda: **\u00bbLlegar a fin de mes. Con Rajoy es posible\u00bb** ([\u00abver foto\u00bb:http:\/\/www.flickr.com\/photo_zoom.gne?id=2054924029&#038;size=o]). Debo ser el \u00faltimo que se ha enterado de esta campa\u00f1a \u00abecon\u00f3mica\u00bb del PP, eso de no ver la televisi\u00f3n es lo que tiene, pero la cosa tiene bemoles.<br \/>\nYa se que los partidos pol\u00edticos opinan, de manera general, y m\u00e1s en pre-campa\u00f1a, que los electores somos gilipollas con menos memoria que un grillo, pero esto ya est\u00e1 llegando a cotas inimaginables, casi de campa\u00f1a electoral estadounidense.<\/p>\n","protected":false},"excerpt":{"rendered":"<p>Volviendo a casa por la autopista me ha sorprendido, casi a traici\u00f3n, un enorme cartel del PP con foto gigantesca de Rajoy con sonrisa y que dec\u00eda: **\u00bbLlegar a fin de mes. Con Rajoy es posible\u00bb** ([\u00abver foto\u00bb:http:\/\/www.flickr.com\/photo_zoom.gne?id=2054924029&#038;size=o]). Debo ser el \u00faltimo que se ha enterado de esta campa\u00f1a \u00abecon\u00f3mica\u00bb del PP, eso de no&hellip;&nbsp;<a href=\"https:\/\/junjan.org\/wordpress\/2007\/12\/es_posible_que_nos_tomen_por_gilipollas\/\" rel=\"bookmark\">Leer m\u00e1s &raquo;<span class=\"screen-reader-text\">Es posible que nos tomen por gilipollas<\/span><\/a><\/p>\n","protected":false},"author":1,"featured_media":0,"comment_status":"open","ping_status":"open","sticky":false,"template":"","format":"standard","meta":{"neve_meta_sidebar":"","neve_meta_container":"","neve_meta_enable_content_width":"","neve_meta_content_width":0,"neve_meta_title_alignment":"","neve_meta_author_avatar":"","neve_post_elements_order":"","neve_meta_disable_header":"","neve_meta_disable_footer":"","neve_meta_disable_title":"","footnotes":""},"categories":[84],"tags":[377],"class_list":["post-954","post","type-post","status-publish","format-standard","hentry","category-divagaciones","tag-rajoy-elecciones-politica"],"_links":{"self":[{"href":"https:\/\/junjan.org\/wordpress\/wp-json\/wp\/v2\/posts\/954","targetHints":{"allow":["GET"]}}],"collection":[{"href":"https:\/\/junjan.org\/wordpress\/wp-json\/wp\/v2\/posts"}],"about":[{"href":"https:\/\/junjan.org\/wordpress\/wp-json\/wp\/v2\/types\/post"}],"author":[{"embeddable":true,"href":"https:\/\/junjan.org\/wordpress\/wp-json\/wp\/v2\/users\/1"}],"replies":[{"embeddable":true,"href":"https:\/\/junjan.org\/wordpress\/wp-json\/wp\/v2\/comments?post=954"}],"version-history":[{"count":0,"href":"https:\/\/junjan.org\/wordpress\/wp-json\/wp\/v2\/posts\/954\/revisions"}],"wp:attachment":[{"href":"https:\/\/junjan.org\/wordpress\/wp-json\/wp\/v2\/media?parent=954"}],"wp:term":[{"taxonomy":"category","embeddable":true,"href":"https:\/\/junjan.org\/wordpress\/wp-json\/wp\/v2\/categories?post=954"},{"taxonomy":"post_tag","embeddable":true,"href":"https:\/\/junjan.org\/wordpress\/wp-json\/wp\/v2\/tags?post=954"}],"curies":[{"name":"wp","href":"https:\/\/api.w.org\/{rel}","templated":true}]}}