{"id":960,"date":"2008-01-11T23:14:34","date_gmt":"2008-01-11T23:14:34","guid":{"rendered":"http:\/\/junjan.org\/wordpress\/?p=960"},"modified":"2012-09-11T19:49:18","modified_gmt":"2012-09-11T17:49:18","slug":"ama_a_la_patria","status":"publish","type":"post","link":"https:\/\/junjan.org\/wordpress\/2008\/01\/ama_a_la_patria\/","title":{"rendered":"\u00bfAma a la patria?"},"content":{"rendered":"<p>Si hay algo aparte de la religi\u00f3n que ha hecho de este mundo un lugar donde las posibilidades de ser feliz son casi nulas para miles de millones de personas, eso es el patrotismo. Sigamos con el bueno de \u00ab<a href=\"http:\/\/www.archive.org\/details\/AmbroseBierce-ElDiccionarioDelDiablo\" target=\"_blank\">Ambrose Bierce<\/a>\u00ab, que ya puso el dedo en la llaga hace mucho tiempo:<\/p>\n<blockquote><p>\nPatriota, s. El que considera superiores los intereses de la parte a los intereses del todo. Juguete de pol\u00edticos e instrumento de conquistadores.<br \/>\nPatriotismo, s. Basura combustible dispuesta a arder para iluminar el nombre de cualquier ambicioso. En el famoso diccionario del doctor Johnson, el patriotismo se define como el \u00faltimo recurso de un pillo. Con el respeto debido a un lexic\u00f3grafo ilustre, aunque inferior, sostengo que es el primero.<\/p><\/blockquote>\n<p>La patria, la patria&#8230; \u00bfQu\u00e9 narices es la patria? \u00bfsirve para algo la patria? \u00bfse puede amar a la patria de verdad? \u00ab<a href=\"http:\/\/junjan.org\/wordpress\/2007\/06\/pobres_deportistas\/\" target=\"_blank\">No cre\u00ed que hablaran realmente en serio<\/a>\u00ab, pero se me olvidaba que la lista de idiotas que quieren a su patria con locura es largu\u00edsima en todos lados, y en este pa\u00eds cada esquinita est\u00e1 llena de patriotas desaforados. Uno de estos, acaba de escribir letra \u00ab<a href=\"http:\/\/www.abc.es\/20080111\/nacional-nacional\/letra-para-himno-tenor_200801110245.html\" target=\"_blank\">al himno<\/a>\u00bb que el \u00abComit\u00e9 Ol\u00edmpico Espa\u00f1ol\u00bb quiere proponer como oficial para el estado espa\u00f1ol, deliciosamente caduco:<\/p>\n<blockquote><p>\u00a1Viva Espa\u00f1a!<br \/>\nCantemos todos juntos<br \/>\ncon distinta voz<br \/>\ny un solo coraz\u00f3n.<br \/>\n\u00a1Viva Espa\u00f1a!<br \/>\nDesde los verdes valles<br \/>\nal inmenso mar,<br \/>\nun himno de hermandad.<br \/>\nAma a la Patria<br \/>\npues sabe abrazar,<br \/>\nbajo su cielo azul,<br \/>\npueblos en libertad.<br \/>\nGloria a los hijos<br \/>\nque a la Historia dan<br \/>\njusticia y grandeza<br \/>\ndemocracia y paz.<\/p><\/blockquote>\n<p>Vaya cursilada&#8230; Ya os digo yo por donde pod\u00e9is meteros la patria&#8230;<\/p>\n","protected":false},"excerpt":{"rendered":"<p>Si hay algo aparte de la religi\u00f3n que ha hecho de este mundo un lugar donde las posibilidades de ser feliz son casi nulas para miles de millones de personas, eso es el patrotismo. Sigamos con el bueno de \u00abAmbrose Bierce\u00ab, que ya puso el dedo en la llaga hace mucho tiempo: Patriota, s. El&hellip;&nbsp;<a href=\"https:\/\/junjan.org\/wordpress\/2008\/01\/ama_a_la_patria\/\" rel=\"bookmark\">Leer m\u00e1s &raquo;<span class=\"screen-reader-text\">\u00bfAma a la patria?<\/span><\/a><\/p>\n","protected":false},"author":1,"featured_media":0,"comment_status":"open","ping_status":"open","sticky":false,"template":"","format":"standard","meta":{"neve_meta_sidebar":"","neve_meta_container":"","neve_meta_enable_content_width":"","neve_meta_content_width":0,"neve_meta_title_alignment":"","neve_meta_author_avatar":"","neve_post_elements_order":"","neve_meta_disable_header":"","neve_meta_disable_footer":"","neve_meta_disable_title":"","footnotes":""},"categories":[5],"tags":[588,904,903],"class_list":["post-960","post","type-post","status-publish","format-standard","hentry","category-actualidad","tag-espana","tag-idiotas","tag-patriotismo"],"_links":{"self":[{"href":"https:\/\/junjan.org\/wordpress\/wp-json\/wp\/v2\/posts\/960","targetHints":{"allow":["GET"]}}],"collection":[{"href":"https:\/\/junjan.org\/wordpress\/wp-json\/wp\/v2\/posts"}],"about":[{"href":"https:\/\/junjan.org\/wordpress\/wp-json\/wp\/v2\/types\/post"}],"author":[{"embeddable":true,"href":"https:\/\/junjan.org\/wordpress\/wp-json\/wp\/v2\/users\/1"}],"replies":[{"embeddable":true,"href":"https:\/\/junjan.org\/wordpress\/wp-json\/wp\/v2\/comments?post=960"}],"version-history":[{"count":2,"href":"https:\/\/junjan.org\/wordpress\/wp-json\/wp\/v2\/posts\/960\/revisions"}],"predecessor-version":[{"id":2209,"href":"https:\/\/junjan.org\/wordpress\/wp-json\/wp\/v2\/posts\/960\/revisions\/2209"}],"wp:attachment":[{"href":"https:\/\/junjan.org\/wordpress\/wp-json\/wp\/v2\/media?parent=960"}],"wp:term":[{"taxonomy":"category","embeddable":true,"href":"https:\/\/junjan.org\/wordpress\/wp-json\/wp\/v2\/categories?post=960"},{"taxonomy":"post_tag","embeddable":true,"href":"https:\/\/junjan.org\/wordpress\/wp-json\/wp\/v2\/tags?post=960"}],"curies":[{"name":"wp","href":"https:\/\/api.w.org\/{rel}","templated":true}]}}