{"id":962,"date":"2008-01-22T00:27:45","date_gmt":"2008-01-22T00:27:45","guid":{"rendered":"http:\/\/junjan.org\/wordpress\/?p=962"},"modified":"2008-01-22T00:27:45","modified_gmt":"2008-01-22T00:27:45","slug":"dime_de_que_presumes_y_te_dire_de_que_careces","status":"publish","type":"post","link":"https:\/\/junjan.org\/wordpress\/2008\/01\/dime_de_que_presumes_y_te_dire_de_que_careces\/","title":{"rendered":"Dime de qu\u00e9 presumes y te dir\u00e9 de qu\u00e9 careces"},"content":{"rendered":"<p>El nuevo peri\u00f3dico online se llama [\u00abEl Imparcial\u00bb:http:\/\/www.elimparcial.es\/]. Comienza su vida con un rumor sin confirmar filtrado por lacayos de un rey dictatorial. Se ve que quieren poner a prueba su nombre el primer d\u00eda&#8230;   Qu\u00e9 gran frase de periodismo condicional:<br \/>\nbq. Fuentes pr\u00f3ximas al Palacio Real marroqu\u00ed aseguran que Zapatero tendr\u00eda decidido abrir negociaciones con Mohamed VI (en la imagen) sobre el futuro de Ceuta y Melilla, en caso de ganar las elecciones.<br \/>\nNo se puede ser m\u00e1s parcial y menos concreto&#8230; Eso s\u00ed, se ve donde circula el \u00abparn\u00e9\u00bb a raudales. Publicidad del banco de Santander, BBVA,  La Caixa y de  Iberdrola&#8230;.<\/p>\n","protected":false},"excerpt":{"rendered":"<p>El nuevo peri\u00f3dico online se llama [\u00abEl Imparcial\u00bb:http:\/\/www.elimparcial.es\/]. Comienza su vida con un rumor sin confirmar filtrado por lacayos de un rey dictatorial. Se ve que quieren poner a prueba su nombre el primer d\u00eda&#8230; Qu\u00e9 gran frase de periodismo condicional: bq. Fuentes pr\u00f3ximas al Palacio Real marroqu\u00ed aseguran que Zapatero tendr\u00eda decidido abrir negociaciones&hellip;&nbsp;<a href=\"https:\/\/junjan.org\/wordpress\/2008\/01\/dime_de_que_presumes_y_te_dire_de_que_careces\/\" rel=\"bookmark\">Leer m\u00e1s &raquo;<span class=\"screen-reader-text\">Dime de qu\u00e9 presumes y te dir\u00e9 de qu\u00e9 careces<\/span><\/a><\/p>\n","protected":false},"author":1,"featured_media":0,"comment_status":"open","ping_status":"open","sticky":false,"template":"","format":"standard","meta":{"neve_meta_sidebar":"","neve_meta_container":"","neve_meta_enable_content_width":"","neve_meta_content_width":0,"neve_meta_title_alignment":"","neve_meta_author_avatar":"","neve_post_elements_order":"","neve_meta_disable_header":"","neve_meta_disable_footer":"","neve_meta_disable_title":"","footnotes":""},"categories":[81],"tags":[385],"class_list":["post-962","post","type-post","status-publish","format-standard","hentry","category-revista-de-prensa","tag-marruecos-ceuta-melilla"],"_links":{"self":[{"href":"https:\/\/junjan.org\/wordpress\/wp-json\/wp\/v2\/posts\/962","targetHints":{"allow":["GET"]}}],"collection":[{"href":"https:\/\/junjan.org\/wordpress\/wp-json\/wp\/v2\/posts"}],"about":[{"href":"https:\/\/junjan.org\/wordpress\/wp-json\/wp\/v2\/types\/post"}],"author":[{"embeddable":true,"href":"https:\/\/junjan.org\/wordpress\/wp-json\/wp\/v2\/users\/1"}],"replies":[{"embeddable":true,"href":"https:\/\/junjan.org\/wordpress\/wp-json\/wp\/v2\/comments?post=962"}],"version-history":[{"count":0,"href":"https:\/\/junjan.org\/wordpress\/wp-json\/wp\/v2\/posts\/962\/revisions"}],"wp:attachment":[{"href":"https:\/\/junjan.org\/wordpress\/wp-json\/wp\/v2\/media?parent=962"}],"wp:term":[{"taxonomy":"category","embeddable":true,"href":"https:\/\/junjan.org\/wordpress\/wp-json\/wp\/v2\/categories?post=962"},{"taxonomy":"post_tag","embeddable":true,"href":"https:\/\/junjan.org\/wordpress\/wp-json\/wp\/v2\/tags?post=962"}],"curies":[{"name":"wp","href":"https:\/\/api.w.org\/{rel}","templated":true}]}}