{"id":967,"date":"2008-02-03T14:09:39","date_gmt":"2008-02-03T14:09:39","guid":{"rendered":"http:\/\/junjan.org\/wordpress\/?p=967"},"modified":"2008-02-03T14:09:39","modified_gmt":"2008-02-03T14:09:39","slug":"el_dolor_ajeno","status":"publish","type":"post","link":"https:\/\/junjan.org\/wordpress\/2008\/02\/el_dolor_ajeno\/","title":{"rendered":"El dolor ajeno"},"content":{"rendered":"<p>\u00ab**divergencias: Lamela, el doctor Montes y mi padre**\u00bb:http:\/\/divergencias.typepad.com\/divergencias\/2008\/02\/lamela-el-docto.html<br \/>\nbq. Mi padre falleci\u00f3 en un hospital p\u00fablico del sur de Madrid, 5-6 meses despu\u00e9s del inicio del \u00abesc\u00e1ndalo\u00bb del hospital Severo Ochoa. Se trat\u00f3 de un c\u00e1ncer feroz que, en menos de dos meses desde su detecci\u00f3n, finaliz\u00f3 con su vida. Hab\u00eda tenido otra grave enfermedad 7 a\u00f1os antes, y desde entonces nos hab\u00eda dejado claro en varias ocasiones que, cuando se viese en un trance similar, deseaba no alargar su agon\u00eda.<br \/>\nEn los \u00faltimos d\u00edas, una de las principales preocupaciones de la familia fue evitar ning\u00fan dolor extra, a sabiendas de que el desenlace era inevitable. Y cada vez que realizaba un gesto de dolor, de inmediato acud\u00edamos a m\u00e9dicos y enfermeras. Mirando al suelo, nos dec\u00edan: \u00abes que ya saben que con lo de Legan\u00e9s,&#8230;\u00bb, \u00abahora nadie se atreve a nada&#8230;\u00bb, \u00ablo sentimos pero es que nos podemos meter en un problema&#8230;\u00bb,&#8230;, y se miraban entre s\u00ed, y al suelo, y a la pared, &#8230;. Y volv\u00eda otro gesto de dolor, y sal\u00edamos a buscarles de nuevo, acab\u00e1bamos con bronca, con voces,&#8230;, y se pasaban la bola hasta que alguien la frenaba y daba el paso adelante&#8230;. pasarte las \u00faltimas horas teniendo que gastar tiempo en que minimicen el dolor de alguien que no desea sufrir sin sentido&#8230;.pele\u00e1ndote con profesionales que tienen un temor l\u00f3gico y leg\u00edtimo&#8230; e inevitablemente, a\u00f1os m\u00e1s tarde, acordarnos toda la familia cada vez que aparece Lamela en televisi\u00f3n&#8230;<br \/>\nNo lo hab\u00eda pensado, pero cuando el verano pasado pas\u00e9 por un mal trago similar con [\u00abmi hermana\u00bb:http:\/\/www.junjan.org\/weblog\/archives\/2007\/09\/04\/la_buena_muerte.html], cuando a pesar de tener m\u00e9dicos comprensivos y amigables tuvimos que suplicar hora a hora, minuto a minuto la subida de la concentraci\u00f3n de morfina, no hab\u00eda ca\u00eddo en que a pesar de estar muy lejos de Madrid, la onda expansiva de _Lamela and co_  pudo ser una parte del problema. Mal cancer les caiga&#8230;<\/p>\n","protected":false},"excerpt":{"rendered":"<p>\u00ab**divergencias: Lamela, el doctor Montes y mi padre**\u00bb:http:\/\/divergencias.typepad.com\/divergencias\/2008\/02\/lamela-el-docto.html bq. Mi padre falleci\u00f3 en un hospital p\u00fablico del sur de Madrid, 5-6 meses despu\u00e9s del inicio del \u00abesc\u00e1ndalo\u00bb del hospital Severo Ochoa. Se trat\u00f3 de un c\u00e1ncer feroz que, en menos de dos meses desde su detecci\u00f3n, finaliz\u00f3 con su vida. Hab\u00eda tenido otra grave enfermedad&hellip;&nbsp;<a href=\"https:\/\/junjan.org\/wordpress\/2008\/02\/el_dolor_ajeno\/\" rel=\"bookmark\">Leer m\u00e1s &raquo;<span class=\"screen-reader-text\">El dolor ajeno<\/span><\/a><\/p>\n","protected":false},"author":1,"featured_media":0,"comment_status":"open","ping_status":"open","sticky":false,"template":"","format":"standard","meta":{"neve_meta_sidebar":"","neve_meta_container":"","neve_meta_enable_content_width":"","neve_meta_content_width":0,"neve_meta_title_alignment":"","neve_meta_author_avatar":"","neve_post_elements_order":"","neve_meta_disable_header":"","neve_meta_disable_footer":"","neve_meta_disable_title":"","footnotes":""},"categories":[28,9],"tags":[390],"class_list":["post-967","post","type-post","status-publish","format-standard","hentry","category-derechos","category-opinion","tag-eutanasia-dolor-hospitales"],"_links":{"self":[{"href":"https:\/\/junjan.org\/wordpress\/wp-json\/wp\/v2\/posts\/967","targetHints":{"allow":["GET"]}}],"collection":[{"href":"https:\/\/junjan.org\/wordpress\/wp-json\/wp\/v2\/posts"}],"about":[{"href":"https:\/\/junjan.org\/wordpress\/wp-json\/wp\/v2\/types\/post"}],"author":[{"embeddable":true,"href":"https:\/\/junjan.org\/wordpress\/wp-json\/wp\/v2\/users\/1"}],"replies":[{"embeddable":true,"href":"https:\/\/junjan.org\/wordpress\/wp-json\/wp\/v2\/comments?post=967"}],"version-history":[{"count":0,"href":"https:\/\/junjan.org\/wordpress\/wp-json\/wp\/v2\/posts\/967\/revisions"}],"wp:attachment":[{"href":"https:\/\/junjan.org\/wordpress\/wp-json\/wp\/v2\/media?parent=967"}],"wp:term":[{"taxonomy":"category","embeddable":true,"href":"https:\/\/junjan.org\/wordpress\/wp-json\/wp\/v2\/categories?post=967"},{"taxonomy":"post_tag","embeddable":true,"href":"https:\/\/junjan.org\/wordpress\/wp-json\/wp\/v2\/tags?post=967"}],"curies":[{"name":"wp","href":"https:\/\/api.w.org\/{rel}","templated":true}]}}