{"id":971,"date":"2008-02-22T18:43:06","date_gmt":"2008-02-22T18:43:06","guid":{"rendered":"http:\/\/junjan.org\/wordpress\/?p=971"},"modified":"2008-02-22T18:43:06","modified_gmt":"2008-02-22T18:43:06","slug":"me_he_reido_a_mandibula","status":"publish","type":"post","link":"https:\/\/junjan.org\/wordpress\/2008\/02\/me_he_reido_a_mandibula\/","title":{"rendered":"Paranoia en la terminal"},"content":{"rendered":"<p>Me he re\u00eddo a mand\u00edbula batiente leyendo este art\u00edculo de [\u00abArturo Perez Reverte\u00bb:http:\/\/www.capitanalatriste.com\/escritor.html?s=patentescorso\/pc_20ene08]. Un fragmento:<br \/>\nbq.<br \/>\nEstoy loco por que pongan AVE a todas partes, Ceuta y Melilla incluidas, para no pisar m\u00e1s un aeropuerto en mi puta vida. Cada vez que debo subir a un avi\u00f3n, cosa que evito siempre que puedo, me levanto con el mal talante de cuando era peque\u00f1o y no quer\u00eda ir al colegio. Los amaneceres son m\u00e1s grises, los d\u00edas m\u00e1s sombr\u00edos, el trayecto en taxi se hace demasiado corto. S\u00f3lo de pensar en lo que me espera, llevo encima una mala leche espantosa. Estoy harto de controles, de incomodidades, de humillaciones en nombre de mi propia seguridad. Para quienes solemos volar s\u00f3lo con equipaje de mano, disponerlo para la carrera de obst\u00e1culos que supone acceder a un avi\u00f3n se convierte en una pesadilla. Hace tiempo que viajo sin la navaja suiza que me acompa\u00f1\u00f3 toda la vida, y hasta un l\u00e1piz de plata con el que subrayo los libros me da problemas en los controles. Todo para nada, pues vivimos en un inmenso camelo: la paranoia gringa llevada al l\u00edmite por una Europa cantama\u00f1anas que se lo traga todo sin rechistar. No hay mejor prueba de lo idiota del sistema que el cuchillo y el tenedor de acero que en clase ejecutiva entregan con la bandeja de la comida tras haberte despojado previamente, en el control de tierra, de las horquillas del pelo y el corta\u00fa\u00f1as. Como si los terroristas y los malos viajaran s\u00f3lo en clase turista.<br \/>\nLe comprendo perfectamente porque cuando tuve que sufrir casi semanalmente la tortura de ser usuario del aeropuerto, estaba [\u00abm\u00e1s quemado que la pipa de un indio\u00bb:www.junjan.org\/weblog\/archives\/2004\/11\/21\/la_terminal.html].<\/p>\n","protected":false},"excerpt":{"rendered":"<p>Me he re\u00eddo a mand\u00edbula batiente leyendo este art\u00edculo de [\u00abArturo Perez Reverte\u00bb:http:\/\/www.capitanalatriste.com\/escritor.html?s=patentescorso\/pc_20ene08]. Un fragmento: bq. Estoy loco por que pongan AVE a todas partes, Ceuta y Melilla incluidas, para no pisar m\u00e1s un aeropuerto en mi puta vida. Cada vez que debo subir a un avi\u00f3n, cosa que evito siempre que puedo, me levanto&hellip;&nbsp;<a href=\"https:\/\/junjan.org\/wordpress\/2008\/02\/me_he_reido_a_mandibula\/\" rel=\"bookmark\">Leer m\u00e1s &raquo;<span class=\"screen-reader-text\">Paranoia en la terminal<\/span><\/a><\/p>\n","protected":false},"author":1,"featured_media":0,"comment_status":"open","ping_status":"open","sticky":false,"template":"","format":"standard","meta":{"neve_meta_sidebar":"","neve_meta_container":"","neve_meta_enable_content_width":"","neve_meta_content_width":0,"neve_meta_title_alignment":"","neve_meta_author_avatar":"","neve_post_elements_order":"","neve_meta_disable_header":"","neve_meta_disable_footer":"","neve_meta_disable_title":"","footnotes":""},"categories":[84],"tags":[393],"class_list":["post-971","post","type-post","status-publish","format-standard","hentry","category-divagaciones","tag-aeropuerto-terminal-seguridad"],"_links":{"self":[{"href":"https:\/\/junjan.org\/wordpress\/wp-json\/wp\/v2\/posts\/971","targetHints":{"allow":["GET"]}}],"collection":[{"href":"https:\/\/junjan.org\/wordpress\/wp-json\/wp\/v2\/posts"}],"about":[{"href":"https:\/\/junjan.org\/wordpress\/wp-json\/wp\/v2\/types\/post"}],"author":[{"embeddable":true,"href":"https:\/\/junjan.org\/wordpress\/wp-json\/wp\/v2\/users\/1"}],"replies":[{"embeddable":true,"href":"https:\/\/junjan.org\/wordpress\/wp-json\/wp\/v2\/comments?post=971"}],"version-history":[{"count":0,"href":"https:\/\/junjan.org\/wordpress\/wp-json\/wp\/v2\/posts\/971\/revisions"}],"wp:attachment":[{"href":"https:\/\/junjan.org\/wordpress\/wp-json\/wp\/v2\/media?parent=971"}],"wp:term":[{"taxonomy":"category","embeddable":true,"href":"https:\/\/junjan.org\/wordpress\/wp-json\/wp\/v2\/categories?post=971"},{"taxonomy":"post_tag","embeddable":true,"href":"https:\/\/junjan.org\/wordpress\/wp-json\/wp\/v2\/tags?post=971"}],"curies":[{"name":"wp","href":"https:\/\/api.w.org\/{rel}","templated":true}]}}