{"id":972,"date":"2008-02-28T10:39:06","date_gmt":"2008-02-28T10:39:06","guid":{"rendered":"http:\/\/junjan.org\/wordpress\/?p=972"},"modified":"2008-02-28T10:39:06","modified_gmt":"2008-02-28T10:39:06","slug":"momentos_ridiculos","status":"publish","type":"post","link":"https:\/\/junjan.org\/wordpress\/2008\/02\/momentos_ridiculos\/","title":{"rendered":"Momentos rid\u00edculos"},"content":{"rendered":"<p><span class=\"mt-enclosure mt-enclosure-image\"><a href=\"http:\/\/www.junjan.org\/weblog\/archives\/Hipopotamo_rajoy.html\" onclick=\"window.open('http:\/\/www.junjan.org\/weblog\/archives\/Hipopotamo_rajoy.html','popup','width=710,height=190,scrollbars=no,resizable=no,toolbar=no,directories=no,location=no,menubar=no,status=no,left=0,top=0'); return false\"><img loading=\"lazy\" decoding=\"async\" src=\"http:\/\/www.junjan.org\/weblog\/assets_c\/2008\/02\/Hipopotamo_rajoy-thumb-450x120.jpg\" width=\"450\" height=\"120\" alt=\"Hipopotamo Rajoy\" class=\"mt-image-center\" style=\"text-align: center; display: block; margin: 0 auto 20px;\" \/><\/a><\/span><br \/>\nVi\u00f1eta de [\u00abRam\u00f3n\u00bb:http:\/\/www.elpais.com\/vineta\/?d_date=20080227&#038;autor=Ram%F3n&#038;anchor=elpporopivin&#038;xref=20080227elpepuvin_1&#038;type=Tes&#038;k=Ramon].<\/p>\n<blockquote><p>\nHay un ejemplo que resume todas mis ideas y que todo el mundo puede entender. Quiero que la ni\u00f1a que nace en Espa\u00f1a tenga una familia, y una vivienda, y unos padres con trabajo. Es lo m\u00ednimo que debemos exigirnos para todos. Me esforzar\u00e9 para que la familia est\u00e9 atendida y la vivienda se pueda conseguir y para que no falte el trabajo.<br \/>\nQuiero que esa ni\u00f1a, nazca donde nazca, reciba una educaci\u00f3n que sea tan buena como la mejor, que se pueda pasear por todo el mundo sin complejos, porque sabr\u00e1 idiomas y tendr\u00e1 un t\u00edtulo profesional que se cotice en todo el mundo.<br \/>\nQuiero que sea un heraldo de la libertad, de la tolerancia y de los derechos humanos, porque habr\u00e1 crecido en libertad, y no tendr\u00e1 miedo a las ideas de los dem\u00e1s, y habr\u00e1 aprendido a respetar a todos los que respetan la ley.<br \/>\nQuiero que sienta un hondo orgullo por ser espa\u00f1ola, por pertenecer a esa naci\u00f3n tan vieja, tan admirable que le habr\u00e1 ofrecido las mejores oportunidades, pero que habr\u00e1 sabido ser exigente con ella para convertirla en una mujer madura y responsable.<br \/>\nEso es lo que quiero. Esto y todo lo que esto lleva impl\u00edcito. Nada nos impide lograrlo, podemos hacerlo si quieren que caminemos juntos. Porque Espa\u00f1a es cosa de todos, y debemos tom\u00e1rnosla muy en serio.\n<\/p><\/blockquote>\n<p>\u00abTranscripci\u00f3n completa del debate\u00bb:http:\/\/www.elpais.com\/articulo\/espana\/debate\/integro\/elpepuesp\/20080226elpepunac_3\/Tes<\/p>\n","protected":false},"excerpt":{"rendered":"<p>Vi\u00f1eta de [\u00abRam\u00f3n\u00bb:http:\/\/www.elpais.com\/vineta\/?d_date=20080227&#038;autor=Ram%F3n&#038;anchor=elpporopivin&#038;xref=20080227elpepuvin_1&#038;type=Tes&#038;k=Ramon]. Hay un ejemplo que resume todas mis ideas y que todo el mundo puede entender. Quiero que la ni\u00f1a que nace en Espa\u00f1a tenga una familia, y una vivienda, y unos padres con trabajo. Es lo m\u00ednimo que debemos exigirnos para todos. Me esforzar\u00e9 para que la familia est\u00e9 atendida y la&hellip;&nbsp;<a href=\"https:\/\/junjan.org\/wordpress\/2008\/02\/momentos_ridiculos\/\" rel=\"bookmark\">Leer m\u00e1s &raquo;<span class=\"screen-reader-text\">Momentos rid\u00edculos<\/span><\/a><\/p>\n","protected":false},"author":1,"featured_media":0,"comment_status":"open","ping_status":"open","sticky":false,"template":"","format":"standard","meta":{"neve_meta_sidebar":"","neve_meta_container":"","neve_meta_enable_content_width":"","neve_meta_content_width":0,"neve_meta_title_alignment":"","neve_meta_author_avatar":"","neve_post_elements_order":"","neve_meta_disable_header":"","neve_meta_disable_footer":"","neve_meta_disable_title":"","footnotes":""},"categories":[84],"tags":[394],"class_list":["post-972","post","type-post","status-publish","format-standard","hentry","category-divagaciones","tag-rajoy-elecciones"],"_links":{"self":[{"href":"https:\/\/junjan.org\/wordpress\/wp-json\/wp\/v2\/posts\/972","targetHints":{"allow":["GET"]}}],"collection":[{"href":"https:\/\/junjan.org\/wordpress\/wp-json\/wp\/v2\/posts"}],"about":[{"href":"https:\/\/junjan.org\/wordpress\/wp-json\/wp\/v2\/types\/post"}],"author":[{"embeddable":true,"href":"https:\/\/junjan.org\/wordpress\/wp-json\/wp\/v2\/users\/1"}],"replies":[{"embeddable":true,"href":"https:\/\/junjan.org\/wordpress\/wp-json\/wp\/v2\/comments?post=972"}],"version-history":[{"count":0,"href":"https:\/\/junjan.org\/wordpress\/wp-json\/wp\/v2\/posts\/972\/revisions"}],"wp:attachment":[{"href":"https:\/\/junjan.org\/wordpress\/wp-json\/wp\/v2\/media?parent=972"}],"wp:term":[{"taxonomy":"category","embeddable":true,"href":"https:\/\/junjan.org\/wordpress\/wp-json\/wp\/v2\/categories?post=972"},{"taxonomy":"post_tag","embeddable":true,"href":"https:\/\/junjan.org\/wordpress\/wp-json\/wp\/v2\/tags?post=972"}],"curies":[{"name":"wp","href":"https:\/\/api.w.org\/{rel}","templated":true}]}}