{"id":980,"date":"2008-05-10T11:49:06","date_gmt":"2008-05-10T11:49:06","guid":{"rendered":"http:\/\/junjan.org\/wordpress\/?p=980"},"modified":"2008-05-10T11:49:06","modified_gmt":"2008-05-10T11:49:06","slug":"enfocar_el_problema","status":"publish","type":"post","link":"https:\/\/junjan.org\/wordpress\/2008\/05\/enfocar_el_problema\/","title":{"rendered":"Enfocar el problema"},"content":{"rendered":"<p>Dice De la Vega: \u00abProtegeremos las ideas de quienes no creen\u00bb. No me parece mal como declaraci\u00f3n de intenciones (teniendo en cuenta nuestra historia), pero no acabo de ver que se atrevan a enfocar el tema.<br \/>\nSi uno se lee la Constituci\u00f3n y la \u00abLey Org\u00e1nica de Libertad Religiosa\u00bb:http:\/\/noticias.juridicas.com\/base_datos\/Admin\/lo7-1980.html de 1980 queda m\u00e1s o menos claro que todos tenemos derecho a profesar o no profesar las creencias que nos venga en gana.<br \/>\nEl problema no creo que venga de esa ley en concreto, sino de los manifiestos privilegios de la Iglesia cat\u00f3lica en nuestro pa\u00eds y del concordato de 1979 a\u00fan vigente, de las clases de religi\u00f3n en la escuela, de la simbolog\u00eda cat\u00f3lica en nuestro estado y en sus manifestaciones institucionales, en definitiva del poder de la religi\u00f3n cat\u00f3lica.<br \/>\n<span class=\"mt-enclosure mt-enclosure-image\"><img loading=\"lazy\" decoding=\"async\" alt=\"CNT Religion fuera de la escuela\" src=\"http:\/\/www.junjan.org\/weblog\/images\/CNT_campana_religion.jpg\" width=\"350\" height=\"250\" class=\"mt-image-center\" style=\"text-align: center; display: block; margin: 0 auto 20px;\"\/><\/span><br \/>\nEl problema no es que haya que mencionar en las leyes o en la constituci\u00f3n a otras religiones, en todo caso ser\u00eda m\u00e1s justo quitar referencias a la cat\u00f3lica. El problema no es que haya que habilitar m\u00e1s casillas en la declaraci\u00f3n de la renta para musulmanes o jud\u00edos, sino que existan las casillas.<\/p>\n","protected":false},"excerpt":{"rendered":"<p>Dice De la Vega: \u00abProtegeremos las ideas de quienes no creen\u00bb. No me parece mal como declaraci\u00f3n de intenciones (teniendo en cuenta nuestra historia), pero no acabo de ver que se atrevan a enfocar el tema. Si uno se lee la Constituci\u00f3n y la \u00abLey Org\u00e1nica de Libertad Religiosa\u00bb:http:\/\/noticias.juridicas.com\/base_datos\/Admin\/lo7-1980.html de 1980 queda m\u00e1s o menos&hellip;&nbsp;<a href=\"https:\/\/junjan.org\/wordpress\/2008\/05\/enfocar_el_problema\/\" rel=\"bookmark\">Leer m\u00e1s &raquo;<span class=\"screen-reader-text\">Enfocar el problema<\/span><\/a><\/p>\n","protected":false},"author":1,"featured_media":0,"comment_status":"open","ping_status":"open","sticky":false,"template":"","format":"standard","meta":{"neve_meta_sidebar":"","neve_meta_container":"","neve_meta_enable_content_width":"","neve_meta_content_width":0,"neve_meta_title_alignment":"","neve_meta_author_avatar":"","neve_post_elements_order":"","neve_meta_disable_header":"","neve_meta_disable_footer":"","neve_meta_disable_title":"","footnotes":""},"categories":[1],"tags":[402],"class_list":["post-980","post","type-post","status-publish","format-standard","hentry","category-uncategorized","tag-cristianismo-iglesia-laicismo-religion"],"_links":{"self":[{"href":"https:\/\/junjan.org\/wordpress\/wp-json\/wp\/v2\/posts\/980","targetHints":{"allow":["GET"]}}],"collection":[{"href":"https:\/\/junjan.org\/wordpress\/wp-json\/wp\/v2\/posts"}],"about":[{"href":"https:\/\/junjan.org\/wordpress\/wp-json\/wp\/v2\/types\/post"}],"author":[{"embeddable":true,"href":"https:\/\/junjan.org\/wordpress\/wp-json\/wp\/v2\/users\/1"}],"replies":[{"embeddable":true,"href":"https:\/\/junjan.org\/wordpress\/wp-json\/wp\/v2\/comments?post=980"}],"version-history":[{"count":0,"href":"https:\/\/junjan.org\/wordpress\/wp-json\/wp\/v2\/posts\/980\/revisions"}],"wp:attachment":[{"href":"https:\/\/junjan.org\/wordpress\/wp-json\/wp\/v2\/media?parent=980"}],"wp:term":[{"taxonomy":"category","embeddable":true,"href":"https:\/\/junjan.org\/wordpress\/wp-json\/wp\/v2\/categories?post=980"},{"taxonomy":"post_tag","embeddable":true,"href":"https:\/\/junjan.org\/wordpress\/wp-json\/wp\/v2\/tags?post=980"}],"curies":[{"name":"wp","href":"https:\/\/api.w.org\/{rel}","templated":true}]}}