{"id":983,"date":"2008-06-24T21:12:38","date_gmt":"2008-06-24T19:12:38","guid":{"rendered":"http:\/\/junjan.org\/wordpress\/?p=983"},"modified":"2011-05-24T23:10:33","modified_gmt":"2011-05-24T21:10:33","slug":"tranquilidad_en_la_fiesta","status":"publish","type":"post","link":"https:\/\/junjan.org\/wordpress\/2008\/06\/tranquilidad_en_la_fiesta\/","title":{"rendered":"Tranquilidad en la fiesta"},"content":{"rendered":"<p>Imaginad una fiesta popular ciudadana donde 269 personas tengan que recibir atenci\u00f3n m\u00e9dica. Que de estas, 41 sufran traumatismos, amputaciones y quemaduras, y que de estas, 14, se encuentren en estado grave. Imaginad los r\u00edos de tinta que se provocar\u00edan, las acusaciones a las autoridades municipales y auton\u00f3micas por falta de previsi\u00f3n, las columnas ir\u00f3nicas sobre la incultura de la gente y su barbarismo&#8230; Ser\u00eda comprensible, \u00bfno?<br \/>\nPues no, resulta que no, esto es [\u00abla normalidad\u00bb:http:\/\/www.elpais.com\/articulo\/espana\/verbena\/Sant\/Joan\/transcurre\/tranquilidad\/toda\/Cataluna\/elpepuespcat\/20080624elpepunac_22\/Tes]:<br \/>\n<span class=\"mt-enclosure mt-enclosure-image\"><a href=\"http:\/\/www.junjan.org\/weblog\/archives\/San%20joan.html\" onclick=\"window.open('http:\/\/www.junjan.org\/weblog\/archives\/San%20joan.html','popup','width=918,height=186,scrollbars=no,resizable=no,toolbar=no,directories=no,location=no,menubar=no,status=no,left=0,top=0'); return false\"><img loading=\"lazy\" decoding=\"async\" src=\"http:\/\/www.junjan.org\/weblog\/assets_c\/2008\/06\/San joan-thumb-400x81.png\" width=\"400\" height=\"81\" alt=\"\" class=\"mt-image-center\" style=\"text-align: center; display: block; margin: 0 auto 20px;\" \/><\/a><\/span><br \/>\nLa sagrada tradici\u00f3n  de las hogueras y la celebraci\u00f3n del solsticio de verano no me parecen ni bien ni mal, anacr\u00f3nico y pintoresco, pero esencialmente inofensivo. Pero lo del petardeo, la traca y el cohete generalizado sigue sin entrarme en la mollera.<br \/>\nNo entiendo los quince d\u00eda de entrenamiento con los petardos de los cojones todas las putas noches. No entiendo a esa legi\u00f3n de padres que se van a comprar un saco de munici\u00f3n que juntada podr\u00eda reventar una caja fuerte para repartirla entre sus reto\u00f1os para que disfruten alegremente torturando a media humanidad durante un mes.<br \/>\nMe miran raro cuando expreso mi enfado y suplico a los hados que me concedan el deseo de ver como todos los hijos de puta que llevan semanas petardeando debajo de mi ventana sufran una obra p\u00fablica que dure seis meses en frente de sus casas.<\/p>\n","protected":false},"excerpt":{"rendered":"<p>Imaginad una fiesta popular ciudadana donde 269 personas tengan que recibir atenci\u00f3n m\u00e9dica. Que de estas, 41 sufran traumatismos, amputaciones y quemaduras, y que de estas, 14, se encuentren en estado grave. Imaginad los r\u00edos de tinta que se provocar\u00edan, las acusaciones a las autoridades municipales y auton\u00f3micas por falta de previsi\u00f3n, las columnas ir\u00f3nicas&hellip;&nbsp;<a href=\"https:\/\/junjan.org\/wordpress\/2008\/06\/tranquilidad_en_la_fiesta\/\" rel=\"bookmark\">Leer m\u00e1s &raquo;<span class=\"screen-reader-text\">Tranquilidad en la fiesta<\/span><\/a><\/p>\n","protected":false},"author":1,"featured_media":0,"comment_status":"open","ping_status":"open","sticky":false,"template":"","format":"standard","meta":{"neve_meta_sidebar":"","neve_meta_container":"","neve_meta_enable_content_width":"","neve_meta_content_width":0,"neve_meta_title_alignment":"","neve_meta_author_avatar":"","neve_post_elements_order":"","neve_meta_disable_header":"","neve_meta_disable_footer":"","neve_meta_disable_title":"","footnotes":""},"categories":[84],"tags":[527,526],"class_list":["post-983","post","type-post","status-publish","format-standard","hentry","category-divagaciones","tag-petardos","tag-san-juan"],"_links":{"self":[{"href":"https:\/\/junjan.org\/wordpress\/wp-json\/wp\/v2\/posts\/983","targetHints":{"allow":["GET"]}}],"collection":[{"href":"https:\/\/junjan.org\/wordpress\/wp-json\/wp\/v2\/posts"}],"about":[{"href":"https:\/\/junjan.org\/wordpress\/wp-json\/wp\/v2\/types\/post"}],"author":[{"embeddable":true,"href":"https:\/\/junjan.org\/wordpress\/wp-json\/wp\/v2\/users\/1"}],"replies":[{"embeddable":true,"href":"https:\/\/junjan.org\/wordpress\/wp-json\/wp\/v2\/comments?post=983"}],"version-history":[{"count":1,"href":"https:\/\/junjan.org\/wordpress\/wp-json\/wp\/v2\/posts\/983\/revisions"}],"predecessor-version":[{"id":1310,"href":"https:\/\/junjan.org\/wordpress\/wp-json\/wp\/v2\/posts\/983\/revisions\/1310"}],"wp:attachment":[{"href":"https:\/\/junjan.org\/wordpress\/wp-json\/wp\/v2\/media?parent=983"}],"wp:term":[{"taxonomy":"category","embeddable":true,"href":"https:\/\/junjan.org\/wordpress\/wp-json\/wp\/v2\/categories?post=983"},{"taxonomy":"post_tag","embeddable":true,"href":"https:\/\/junjan.org\/wordpress\/wp-json\/wp\/v2\/tags?post=983"}],"curies":[{"name":"wp","href":"https:\/\/api.w.org\/{rel}","templated":true}]}}