{"id":99,"date":"2004-05-05T10:35:55","date_gmt":"2004-05-05T10:35:55","guid":{"rendered":"http:\/\/junjan.org\/wordpress\/?p=99"},"modified":"2004-05-05T10:35:55","modified_gmt":"2004-05-05T10:35:55","slug":"partido_del_odio_y_del_olvido","status":"publish","type":"post","link":"https:\/\/junjan.org\/wordpress\/2004\/05\/partido_del_odio_y_del_olvido\/","title":{"rendered":"Partido del odio y del olvido"},"content":{"rendered":"<p>Dos interesantes rese\u00f1as en \u00abPensamientos Radicalmente Ecl\u00e9cticos\u00bb:http:\/\/tierraylibertad.f2o.org\/ tituladas **El Partido del Odio I y II**, reflejan la estrategia del odio seguida por el PP tras las elecciones.<br \/>\nEscuchando esta ma\u00f1ana las \u00abdeclaraciones de Eduardo Zaplana\u00bb:http:\/\/www.cadenaser.com\/articulo.html?xref=20040504csrcsrsoc_5&#038;type=Tes&#038;anchor=  sobre la ley integral contra la violencia, he llegado a la misma conclusi\u00f3n. El PP se ha convertido en el partido del odio, pero m\u00e1s en el partido del olvido, casi de la amnesia galopante.<br \/>\nZaplana y Acebes se estan dedicando \u00aba tiempo completo\u00bb a la edificante tarea b\u00edblica de se\u00f1alar las pajas del ojo socialista (aun a estrenar), mientras intentan ocultar sus enormes vigas.<br \/>\nHay que recordar:<\/p>\n<div class=\"citation\">\nDurante su Gobierno, el PP rechaz\u00f3 en varias ocasiones las propuestas presentadas por el PSOE para frenar las crueles estad\u00edsticas de muerte de mujeres.<br \/>\nEl grupo socialista present\u00f3 en diciembre de 2001 en el Congreso su proposici\u00f3n de Ley Org\u00e1nica Integral contra la violencia de g\u00e9nero, que se debati\u00f3 el 10 de septiembre de 2002. La propuesta logr\u00f3 165 votos en contra y 151 a favor. Todos los grupos pol\u00edticos apoyan la iniciativa a excepci\u00f3n del PP, que voto en contra.\n<\/div>\n","protected":false},"excerpt":{"rendered":"<p>Dos interesantes rese\u00f1as en \u00abPensamientos Radicalmente Ecl\u00e9cticos\u00bb:http:\/\/tierraylibertad.f2o.org\/ tituladas **El Partido del Odio I y II**, reflejan la estrategia del odio seguida por el PP tras las elecciones. Escuchando esta ma\u00f1ana las \u00abdeclaraciones de Eduardo Zaplana\u00bb:http:\/\/www.cadenaser.com\/articulo.html?xref=20040504csrcsrsoc_5&#038;type=Tes&#038;anchor= sobre la ley integral contra la violencia, he llegado a la misma conclusi\u00f3n. El PP se ha convertido en el&hellip;&nbsp;<a href=\"https:\/\/junjan.org\/wordpress\/2004\/05\/partido_del_odio_y_del_olvido\/\" rel=\"bookmark\">Leer m\u00e1s &raquo;<span class=\"screen-reader-text\">Partido del odio y del olvido<\/span><\/a><\/p>\n","protected":false},"author":1,"featured_media":0,"comment_status":"open","ping_status":"open","sticky":false,"template":"","format":"standard","meta":{"neve_meta_sidebar":"","neve_meta_container":"","neve_meta_enable_content_width":"","neve_meta_content_width":0,"neve_meta_title_alignment":"","neve_meta_author_avatar":"","neve_post_elements_order":"","neve_meta_disable_header":"","neve_meta_disable_footer":"","neve_meta_disable_title":"","footnotes":""},"categories":[9],"tags":[],"class_list":["post-99","post","type-post","status-publish","format-standard","hentry","category-opinion"],"_links":{"self":[{"href":"https:\/\/junjan.org\/wordpress\/wp-json\/wp\/v2\/posts\/99","targetHints":{"allow":["GET"]}}],"collection":[{"href":"https:\/\/junjan.org\/wordpress\/wp-json\/wp\/v2\/posts"}],"about":[{"href":"https:\/\/junjan.org\/wordpress\/wp-json\/wp\/v2\/types\/post"}],"author":[{"embeddable":true,"href":"https:\/\/junjan.org\/wordpress\/wp-json\/wp\/v2\/users\/1"}],"replies":[{"embeddable":true,"href":"https:\/\/junjan.org\/wordpress\/wp-json\/wp\/v2\/comments?post=99"}],"version-history":[{"count":0,"href":"https:\/\/junjan.org\/wordpress\/wp-json\/wp\/v2\/posts\/99\/revisions"}],"wp:attachment":[{"href":"https:\/\/junjan.org\/wordpress\/wp-json\/wp\/v2\/media?parent=99"}],"wp:term":[{"taxonomy":"category","embeddable":true,"href":"https:\/\/junjan.org\/wordpress\/wp-json\/wp\/v2\/categories?post=99"},{"taxonomy":"post_tag","embeddable":true,"href":"https:\/\/junjan.org\/wordpress\/wp-json\/wp\/v2\/tags?post=99"}],"curies":[{"name":"wp","href":"https:\/\/api.w.org\/{rel}","templated":true}]}}