{"id":998,"date":"2008-11-02T13:07:01","date_gmt":"2008-11-02T13:07:01","guid":{"rendered":"http:\/\/junjan.org\/wordpress\/?p=998"},"modified":"2008-11-02T13:07:01","modified_gmt":"2008-11-02T13:07:01","slug":"monarquicos_y_babosos_ix","status":"publish","type":"post","link":"https:\/\/junjan.org\/wordpress\/2008\/11\/monarquicos_y_babosos_ix\/","title":{"rendered":"Mon\u00e1rquicos y babosos (IX)"},"content":{"rendered":"<p>Como el buen vino, hay que dejar madurar el asunto del libro de la reina, combinado con su cumplea\u00f1os, para ver realmente quien es m\u00e1s baboso. Como \u00abla cagada\u00bb:http:\/\/www.elpais.com\/articulo\/espana\/suicidio\/asistido\/buscar\/complices\/homicidio\/elpepiesp\/20081102elpepinac_7\/Tes del libro ha sido [\u00abmay\u00fascula\u00bb:http:\/\/www.elmundo.es\/elmundo\/2008\/10\/30\/espana\/1225404250.html], todos se han lanzado a glosarnos su vida y milagros en \u00abmonogr\u00e1ficos documentales\u00bb:http:\/\/www.rtve.es\/noticias\/20081030\/reina-sofia-cumple-anos-satisfecha-por-todo-que-podido-hacer\/184960.shtml y \u00abreportajes\u00bb:http:\/\/www.elmundo.es\/albumes\/2008\/10\/30\/reina\/index_9.html donde se entrevista desde su jardinero en Grecia a cualquiera que haya sido iluminado por su presencia.<br \/>\nEn Rtve aspiran a ganar el premio con un \u00abdocumental\u00bb:http:\/\/www.rtve.es\/noticias\/20081030\/reina-sofia-cumple-anos-satisfecha-por-todo-que-podido-hacer\/184960.shtml que es como sacado del [\u00abNO-DO\u00bb:http:\/\/es.wikipedia.org\/wiki\/NO-DO] donde nos presentan a una mujer que ya quisiera Tolstoi para escribir un nuevo libro. Sobrenatural. Nos dan peque\u00f1as perlas de sabidur\u00eda en su web para que vayamos pillando el mensaje:<br \/>\nbq. Ser Rey no es f\u00e1cil. Ser reina no es c\u00f3modo. Ella no se queja, pero ser Reina no es c\u00f3modo.<br \/>\nEst\u00e1 claro, no es c\u00f3modo. Quiz\u00e1s sea m\u00e1s c\u00f3modo que ser temporero de la fruta, pero as\u00ed as\u00ed, poco se llevan.<br \/>\nPero no le llegan ni a la suela del zapato a \u00ab[\u00abLa Raz\u00f3n\u00bb:http:\/\/www.larazon.es\/78737\/noticia\/Espa%F1a\/Reina%2C_esposa%2C_madre_y_abuela]\u00bb:<br \/>\nbq.<br \/>\nHoy cumple 70 a\u00f1os. Lo celebra en la intimidad, sencilla, humana, c\u00e1lida, Reina, madre, abuela, espa\u00f1ola de pura cepa.<br \/>\no al [\u00abABC\u00bb:http:\/\/www.abc.es\/informacion\/Aniversario_Reina\/], donde el monogr\u00e1fico es realmente mastod\u00f3ntico, enorme, exagerado, desmesurado, merece la pena recorrerlo si ten\u00e9is el est\u00f3mago fuerte. Hay documentos surrealistas, como las cartas de homenaje por personajes selectos, como Pedro Gonz\u00e1lez-Trevijano (Rector de la Universidad Rey Juan Carlos):<br \/>\nbq.<br \/>\nSin embargo, aparte de dichas reflexiones constitucionales, o de su profesionalidad tan tra\u00edda period\u00edsticamente, la cualidad que yo resaltar\u00eda es otra: \u00a1Do\u00f1a Sof\u00eda es una gran espa\u00f1ola! Un caso de patriotismo adquirido, de mayor m\u00e9rito si cabe \u2014afirma bien Feliciano Barrios\u2014, que el patriotismo de nacimiento. As\u00ed, cuando se pregunta a Do\u00f1a Sof\u00eda si es griega, contesta con correcci\u00f3n, no exenta de firmeza, que ella es total y \u00fanicamente espa\u00f1ola. Do\u00f1a Sof\u00eda ha asumido los dictados del art\u00edculo 6 de la Constituci\u00f3n de C\u00e1diz: \u00abEl amor de la Patria es una de las principales obligaciones de todos los espa\u00f1oles\u00bb. Y lo ha hecho sin estridencias, sin vanagloriarse, ni sobresaltos ni atropellos. Con capacidad, discreci\u00f3n y elegancia. A veces, como la Pen\u00e9lope de Homero, tejiendo y destejiendo. En otras ocasiones, como en la cubista pintura de Fernand L\u00e9ger, La couseuse, hilvanando y cosiendo los m\u00e1s s\u00f3lidos hilos.<br \/>\n\u00a1Qu\u00e9 bonito! \u00a1Dan ganas de regalarle un yate! \u00bfY qu\u00e9 me dec\u00eds de las palabras de Julio Iglesias?<br \/>\nbq.<br \/>\nEn el imaginario colectivo espa\u00f1ol, en el sentir popular m\u00e1s all\u00e1 de clases sociales o procedencias geogr\u00e1ficas, Do\u00f1a Sof\u00eda ha calado hasta lo m\u00e1s hondo. Son ya muchos los a\u00f1os, muchos los paisajes, muchas las distancias recorridas las que me lo hicieron saber: la Reina es la encarnadura de nuestra naci\u00f3n.<br \/>\n\u00a1Me deja anonadado! De todas maneras lo mejor es [\u00abla editorial\u00bb:http:\/\/www.abc.es\/20081102\/opinion-editorial\/reina-todos-espanoles-20081102.html], of course:<br \/>\nbq.<br \/>\nNo parece excesivo pedir que a la vista de la impecable actuaci\u00f3n de la Reina de Espa\u00f1a a lo largo de todos estos a\u00f1os, se le conceda, cuando menos el derecho de tener una opini\u00f3n personal sobre cuestiones de valores. Y que pueda expresarla como madre y como mujer que es Reina. Una Reina que ha prestado grandes servicios a Espa\u00f1a aportando su sentido com\u00fan, su cautela y su enorme sentido institucional a lo largo de m\u00e1s de cuatro d\u00e9cadas compartidas con el Rey de Espa\u00f1a. Acallen los jaraneros y reconozcan que estas declaraciones hacen a Do\u00f1a Sof\u00eda, hoy m\u00e1s que nunca, Reina de todos los espa\u00f1oles.<br \/>\nNo es que sea precisamente un secreto lo que opino del \u00abpatrotismo\u00bb:http:\/\/www.google.com\/custom?hl=en&#038;client=google-coop&#038;cof=AH:left%3BCX:Junjan%252Eorg%3BL:http:\/\/www.junjan.org\/images\/minilogo1.png%3BLH:15%3BLP:1%3BVLC:%23551a8b%3BGFNT:%23666666%3BDIV:%23cccccc%3B&#038;cx=008127472518953971569:mir45af2zm4&#038;adkw=AELymgXLTYcFJPgf445oJotCLnlDx9SWKECQYvXZKc6p4FjbZT0OFjDvT2fU1Ll5JhzZPKGI-GIeZLejM5UEERGzwQ1iQ_rMmwetWQfHWMFIkxwgLATJ4mM&#038;sa=X&#038;oi=spell&#038;resnum=0&#038;ct=result&#038;cd=1&#038;q=patriotismo&#038;spell=1 en general y del espa\u00f1olista en particular, pero leer toda esta bazofia mon\u00e1rquica me reafirma. Pueden meterse la patria y el reino donde les quepa.<br \/>\nPara desengrasar recomiendo leerse [\u00abCreacionismo en La Zarzuela\u00bb:http:\/\/blogs.publico.es\/ciencias\/?p=532], porque una de la perlas de nuestra abnegada monarca fue:<br \/>\nbq. \u201cSe ha de ense\u00f1ar religi\u00f3n en los colegios\u2026 los ni\u00f1os necesitan una explicaci\u00f3n del origen del mundo y de la vida\u201d<\/p>\n","protected":false},"excerpt":{"rendered":"<p>Como el buen vino, hay que dejar madurar el asunto del libro de la reina, combinado con su cumplea\u00f1os, para ver realmente quien es m\u00e1s baboso. Como \u00abla cagada\u00bb:http:\/\/www.elpais.com\/articulo\/espana\/suicidio\/asistido\/buscar\/complices\/homicidio\/elpepiesp\/20081102elpepinac_7\/Tes del libro ha sido [\u00abmay\u00fascula\u00bb:http:\/\/www.elmundo.es\/elmundo\/2008\/10\/30\/espana\/1225404250.html], todos se han lanzado a glosarnos su vida y milagros en \u00abmonogr\u00e1ficos documentales\u00bb:http:\/\/www.rtve.es\/noticias\/20081030\/reina-sofia-cumple-anos-satisfecha-por-todo-que-podido-hacer\/184960.shtml y \u00abreportajes\u00bb:http:\/\/www.elmundo.es\/albumes\/2008\/10\/30\/reina\/index_9.html donde se entrevista desde su jardinero&hellip;&nbsp;<a href=\"https:\/\/junjan.org\/wordpress\/2008\/11\/monarquicos_y_babosos_ix\/\" rel=\"bookmark\">Leer m\u00e1s &raquo;<span class=\"screen-reader-text\">Mon\u00e1rquicos y babosos (IX)<\/span><\/a><\/p>\n","protected":false},"author":1,"featured_media":0,"comment_status":"open","ping_status":"open","sticky":false,"template":"","format":"standard","meta":{"neve_meta_sidebar":"","neve_meta_container":"","neve_meta_enable_content_width":"","neve_meta_content_width":0,"neve_meta_title_alignment":"","neve_meta_author_avatar":"","neve_post_elements_order":"","neve_meta_disable_header":"","neve_meta_disable_footer":"","neve_meta_disable_title":"","footnotes":""},"categories":[5],"tags":[418],"class_list":["post-998","post","type-post","status-publish","format-standard","hentry","category-actualidad","tag-monarquia-reina-babosos"],"_links":{"self":[{"href":"https:\/\/junjan.org\/wordpress\/wp-json\/wp\/v2\/posts\/998","targetHints":{"allow":["GET"]}}],"collection":[{"href":"https:\/\/junjan.org\/wordpress\/wp-json\/wp\/v2\/posts"}],"about":[{"href":"https:\/\/junjan.org\/wordpress\/wp-json\/wp\/v2\/types\/post"}],"author":[{"embeddable":true,"href":"https:\/\/junjan.org\/wordpress\/wp-json\/wp\/v2\/users\/1"}],"replies":[{"embeddable":true,"href":"https:\/\/junjan.org\/wordpress\/wp-json\/wp\/v2\/comments?post=998"}],"version-history":[{"count":0,"href":"https:\/\/junjan.org\/wordpress\/wp-json\/wp\/v2\/posts\/998\/revisions"}],"wp:attachment":[{"href":"https:\/\/junjan.org\/wordpress\/wp-json\/wp\/v2\/media?parent=998"}],"wp:term":[{"taxonomy":"category","embeddable":true,"href":"https:\/\/junjan.org\/wordpress\/wp-json\/wp\/v2\/categories?post=998"},{"taxonomy":"post_tag","embeddable":true,"href":"https:\/\/junjan.org\/wordpress\/wp-json\/wp\/v2\/tags?post=998"}],"curies":[{"name":"wp","href":"https:\/\/api.w.org\/{rel}","templated":true}]}}