{"id":999,"date":"2008-11-08T01:37:58","date_gmt":"2008-11-08T01:37:58","guid":{"rendered":"http:\/\/junjan.org\/wordpress\/?p=999"},"modified":"2011-06-24T10:44:37","modified_gmt":"2011-06-24T08:44:37","slug":"rouco_ese_democrata","status":"publish","type":"post","link":"https:\/\/junjan.org\/wordpress\/2008\/11\/rouco_ese_democrata\/","title":{"rendered":"Rouco, ese dem\u00f3crata"},"content":{"rendered":"<p>Dice el cardenal <a href=\"http:\/\/www.elpais.com\/articulo\/sociedad\/Rouco\/Varela\/cree\/habria\/sido\/bueno\/votar\/matrimonio\/homosexual\/elpepusoc\/20081107elpepusoc_4\/Tes\" target=\"_blank\">Rouco Varela<\/a> que hay que hacer un refer\u00e9ndum \u00ab<a href=\"http:\/\/www.alternet.org\/rights\/106178\/why_the_prop_8_gay_marriage_ban_won\/ \" target=\"_blank\">como en California<\/a>\u00bb para votar sobre el derecho al matrimonio entre personas del mismo sexo.<br \/>\nNo deja de sorprender que los herederos del franquismo se acojan con tanta alegr\u00eda a la democracia que nunca han promovido ni defendido para perseguir su agenda pol\u00edtica. Esa hipocres\u00eda es mala, muy mala.<\/p>\n","protected":false},"excerpt":{"rendered":"<p>Dice el cardenal Rouco Varela que hay que hacer un refer\u00e9ndum \u00abcomo en California\u00bb para votar sobre el derecho al matrimonio entre personas del mismo sexo. No deja de sorprender que los herederos del franquismo se acojan con tanta alegr\u00eda a la democracia que nunca han promovido ni defendido para perseguir su agenda pol\u00edtica. Esa&hellip;&nbsp;<a href=\"https:\/\/junjan.org\/wordpress\/2008\/11\/rouco_ese_democrata\/\" rel=\"bookmark\">Leer m\u00e1s &raquo;<span class=\"screen-reader-text\">Rouco, ese dem\u00f3crata<\/span><\/a><\/p>\n","protected":false},"author":1,"featured_media":0,"comment_status":"open","ping_status":"open","sticky":false,"template":"","format":"standard","meta":{"neve_meta_sidebar":"","neve_meta_container":"","neve_meta_enable_content_width":"","neve_meta_content_width":0,"neve_meta_title_alignment":"","neve_meta_author_avatar":"","neve_post_elements_order":"","neve_meta_disable_header":"","neve_meta_disable_footer":"","neve_meta_disable_title":"","footnotes":""},"categories":[5],"tags":[490,791,704],"class_list":["post-999","post","type-post","status-publish","format-standard","hentry","category-actualidad","tag-iglesia","tag-integrismo","tag-rouco"],"_links":{"self":[{"href":"https:\/\/junjan.org\/wordpress\/wp-json\/wp\/v2\/posts\/999","targetHints":{"allow":["GET"]}}],"collection":[{"href":"https:\/\/junjan.org\/wordpress\/wp-json\/wp\/v2\/posts"}],"about":[{"href":"https:\/\/junjan.org\/wordpress\/wp-json\/wp\/v2\/types\/post"}],"author":[{"embeddable":true,"href":"https:\/\/junjan.org\/wordpress\/wp-json\/wp\/v2\/users\/1"}],"replies":[{"embeddable":true,"href":"https:\/\/junjan.org\/wordpress\/wp-json\/wp\/v2\/comments?post=999"}],"version-history":[{"count":1,"href":"https:\/\/junjan.org\/wordpress\/wp-json\/wp\/v2\/posts\/999\/revisions"}],"predecessor-version":[{"id":1696,"href":"https:\/\/junjan.org\/wordpress\/wp-json\/wp\/v2\/posts\/999\/revisions\/1696"}],"wp:attachment":[{"href":"https:\/\/junjan.org\/wordpress\/wp-json\/wp\/v2\/media?parent=999"}],"wp:term":[{"taxonomy":"category","embeddable":true,"href":"https:\/\/junjan.org\/wordpress\/wp-json\/wp\/v2\/categories?post=999"},{"taxonomy":"post_tag","embeddable":true,"href":"https:\/\/junjan.org\/wordpress\/wp-json\/wp\/v2\/tags?post=999"}],"curies":[{"name":"wp","href":"https:\/\/api.w.org\/{rel}","templated":true}]}}